{"id":141,"date":"2012-08-22T16:22:37","date_gmt":"2012-08-22T14:22:37","guid":{"rendered":"http:\/\/www.michlmichl.ch\/?p=141"},"modified":"2013-10-30T18:47:54","modified_gmt":"2013-10-30T16:47:54","slug":"hitz","status":"publish","type":"post","link":"https:\/\/www.michlmichl.ch\/?p=141","title":{"rendered":"hitz"},"content":{"rendered":"<p>es ist heiss im schweizerland. allenthalben wird gejammert. lehrer (und lehrerinnen) machen hitzefrei (schulkinder logischerweise auch). der bierverbrauch steigt. die leute verbringen feierabende an gestaden von fl\u00fcssen und b\u00e4chen fahrverbote missachtend. der bub meiner hausmutter verbringt keine sekunde im anfangs sommer neu gekauften familienpool aus blauem plastik. die filterpumpe l\u00e4uft 24 stunden am tag. wir haben ja noch strom.<\/p>\n<p>in der zeitung lese ich dass beim letzten hitzesommer mehrere hundert menschen mehr als \u00fcblich gestorben sind. vor allem alte leute. das radio hat die meldung aufgeschnappt und tipps gegeben, wie man dem hitzetod entkommt. viel wasser trinken. aha. sich nicht an der sonne aufhalten wenn man nicht muss. aha. nicht kaltes trinken sondern warmes. aha. tee oder so.<\/p>\n<p>zum gl\u00fcck haben wir das wetter. sonst g\u00e4b&#8217;s nichts zum dar\u00fcber reden vor dem coop und keinen grund zum sterben. wenn es kalt ist, reden die leute \u00fcber die scheissk\u00e4lte (und sterben mitunter ebenso vermehrt). wenn es heiss ist reden sie \u00fcber die scheisshitze. wenn es mittelm\u00e4ssig ist reden sie \u00fcber ihre gebresten (oder \u00fcber andere). gebresten sind dazu da, um zu sp\u00fcren dass man lebt. wenn aber jeder nur \u00fcber seine gebresten spricht, nimmt er sein (ebenso von krankheiten geplagtes) gegen\u00fcber nicht mehr wahr (was er auch sonst nicht tut ausser das gegen\u00fcber kauft einen neuen SUV\/geht fremd\/d\u00fcngt seine geranien falsch\/stirbt). wenn man sein gegen\u00fcber nicht mehr wahr nimmt, sp\u00fcrt man nicht, dass man lebt. mit einer ausnahme: wenn meine gegen\u00fcber&#8217;s von ihren gebresten sprechen, bin ich froh, dass ich sie nicht habe. allzu lange h\u00f6re ich aber trotzdem nicht zu.<\/p>\n","protected":false},"excerpt":{"rendered":"<p>es ist heiss im schweizerland. allenthalben wird gejammert. lehrer (und lehrerinnen) machen hitzefrei (schulkinder logischerweise auch). der bierverbrauch steigt. die leute verbringen feierabende an gestaden von fl\u00fcssen und b\u00e4chen fahrverbote missachtend. der bub meiner hausmutter verbringt keine sekunde im anfangs sommer neu gekauften familienpool aus blauem plastik. die filterpumpe l\u00e4uft 24 stunden am tag. wir [&hellip;]<\/p>\n","protected":false},"author":1,"featured_media":0,"comment_status":"closed","ping_status":"closed","sticky":false,"template":"","format":"standard","meta":{"footnotes":""},"categories":[5],"tags":[],"class_list":["post-141","post","type-post","status-publish","format-standard","hentry","category-motz"],"_links":{"self":[{"href":"https:\/\/www.michlmichl.ch\/index.php?rest_route=\/wp\/v2\/posts\/141","targetHints":{"allow":["GET"]}}],"collection":[{"href":"https:\/\/www.michlmichl.ch\/index.php?rest_route=\/wp\/v2\/posts"}],"about":[{"href":"https:\/\/www.michlmichl.ch\/index.php?rest_route=\/wp\/v2\/types\/post"}],"author":[{"embeddable":true,"href":"https:\/\/www.michlmichl.ch\/index.php?rest_route=\/wp\/v2\/users\/1"}],"replies":[{"embeddable":true,"href":"https:\/\/www.michlmichl.ch\/index.php?rest_route=%2Fwp%2Fv2%2Fcomments&post=141"}],"version-history":[{"count":7,"href":"https:\/\/www.michlmichl.ch\/index.php?rest_route=\/wp\/v2\/posts\/141\/revisions"}],"predecessor-version":[{"id":816,"href":"https:\/\/www.michlmichl.ch\/index.php?rest_route=\/wp\/v2\/posts\/141\/revisions\/816"}],"wp:attachment":[{"href":"https:\/\/www.michlmichl.ch\/index.php?rest_route=%2Fwp%2Fv2%2Fmedia&parent=141"}],"wp:term":[{"taxonomy":"category","embeddable":true,"href":"https:\/\/www.michlmichl.ch\/index.php?rest_route=%2Fwp%2Fv2%2Fcategories&post=141"},{"taxonomy":"post_tag","embeddable":true,"href":"https:\/\/www.michlmichl.ch\/index.php?rest_route=%2Fwp%2Fv2%2Ftags&post=141"}],"curies":[{"name":"wp","href":"https:\/\/api.w.org\/{rel}","templated":true}]}}