{"id":147,"date":"2012-09-09T18:59:30","date_gmt":"2012-09-09T16:59:30","guid":{"rendered":"http:\/\/www.michlmichl.ch\/?p=147"},"modified":"2013-10-30T18:18:33","modified_gmt":"2013-10-30T16:18:33","slug":"vuelo","status":"publish","type":"post","link":"https:\/\/www.michlmichl.ch\/?p=147","title":{"rendered":"vuelo"},"content":{"rendered":"<p>bis vuelo kam, musste ich warten. l\u00e4nger als gedacht, den ersten \u00fcbergabetermin versiebte er vollkommen weil der motor im auto, mit dem er aus mijas gebracht werden sollte, schon vor der abfahrt kaputt ging. dann ein woche sp\u00e4ter, bekam ich einen neues date, aber ein ziemlich ungenaues, n\u00e4mlich wurde mir nur der tag, nicht aber der zeitpunkt mitgeteilt. ich fragte mich in der tat, ob ich wegen eines hundes einen ganzen tag mit warten verbringen sollte.<\/p>\n<p>ich wartete nicht und tat was ich immer tu&#8216; an einem freitag (der vorgesehene \u00fcbergabetag war freitag, der 31. august), n\u00e4mlich pendenzen abarbeiten und konzerte besuchen. f\u00fcr die zeit des konzertbesuch&#8217;s organisierte ich mit vielen telefonaten eine stellvertretung, die aber dann doch nicht zum zug kam, weil das konzert (latin-jazz mit big band und harfenist) endete ohne nachricht vom transport. ziemlich planlos und etwas ver\u00e4rgert ob der d\u00fcrftigen information \u00fcber den aktuellen aufenthalt des transport&#8217;s oder der vorgesehenen \u00fcbergabe begab ich mich nach hause. doch dann erreichte mich doch noch eine nachricht von vuelo. man sei irgendwo im burgund, \u00fcbernachte da unplanm\u00e4ssig und die \u00fcbergabe w\u00fcrde n\u00e4chstentags mittags stattfinden.<\/p>\n<p>n\u00e4chstentags mittags hielt ich dann vuelo in den h\u00e4nden. respektive an der leine. mein neuer hund. schwarz wie die nacht. es regnete f\u00fcrchterlich. ich ging mit ihm ein paar schritte, damit er sich erleichtern (und seinen neuen chef kennenlernen) konnte und unterschrieb die formulare. das nassschwarze b\u00fcndel hiess zu diesem zeitpunkt noch jumpy. aber da dies meiner meinung nach ein unm\u00f6glicher und zudem ziemlich tierverachtender name ist, taufte ich ihn n\u00e4chstentags um. el vuelo, der fliegende, weil er mit dem auto kam. eigentlich el revuelo, der wirbelwind. weil er ein wirbliger ist und aus spanien kommt. doch das revuelo behalte ich mir f\u00fcr gelegentlichen tadel auf, sofern das n\u00f6tig sein sollte. weil man das \u00abr\u00bb so sch\u00f6n rollen kann.<\/p>\n<p>in der nacht, als vuelo mit 21 weiteren hunden die nacht im transporter verbrachte, verheerte ein waldbrand das hinterland von mijas und weiteren d\u00f6rfern bei malaga. vuelo&#8217;s (jumpy&#8217;s) auffangstation brannte komplett nieder. die leute in mijas wurden evakuiert. die meisten hunde und katzen wurden in letzter not und trotz polizeilichem zutrittsverbot von angestellten freigelassen. die meisten tiere kamen lebend davon, irrten eine nacht lang herum und wurden fr\u00fcher oder sp\u00e4ter eingefangen.<\/p>\n<p>vuelo weiss von alledem nichts. zum gl\u00fcck.<\/p>\n","protected":false},"excerpt":{"rendered":"<p>bis vuelo kam, musste ich warten. l\u00e4nger als gedacht, den ersten \u00fcbergabetermin versiebte er vollkommen weil der motor im auto, mit dem er aus mijas gebracht werden sollte, schon vor der abfahrt kaputt ging. dann ein woche sp\u00e4ter, bekam ich einen neues date, aber ein ziemlich ungenaues, n\u00e4mlich wurde mir nur der tag, nicht aber [&hellip;]<\/p>\n","protected":false},"author":1,"featured_media":0,"comment_status":"closed","ping_status":"closed","sticky":false,"template":"","format":"standard","meta":{"footnotes":""},"categories":[5],"tags":[],"class_list":["post-147","post","type-post","status-publish","format-standard","hentry","category-motz"],"_links":{"self":[{"href":"https:\/\/www.michlmichl.ch\/index.php?rest_route=\/wp\/v2\/posts\/147","targetHints":{"allow":["GET"]}}],"collection":[{"href":"https:\/\/www.michlmichl.ch\/index.php?rest_route=\/wp\/v2\/posts"}],"about":[{"href":"https:\/\/www.michlmichl.ch\/index.php?rest_route=\/wp\/v2\/types\/post"}],"author":[{"embeddable":true,"href":"https:\/\/www.michlmichl.ch\/index.php?rest_route=\/wp\/v2\/users\/1"}],"replies":[{"embeddable":true,"href":"https:\/\/www.michlmichl.ch\/index.php?rest_route=%2Fwp%2Fv2%2Fcomments&post=147"}],"version-history":[{"count":6,"href":"https:\/\/www.michlmichl.ch\/index.php?rest_route=\/wp\/v2\/posts\/147\/revisions"}],"predecessor-version":[{"id":802,"href":"https:\/\/www.michlmichl.ch\/index.php?rest_route=\/wp\/v2\/posts\/147\/revisions\/802"}],"wp:attachment":[{"href":"https:\/\/www.michlmichl.ch\/index.php?rest_route=%2Fwp%2Fv2%2Fmedia&parent=147"}],"wp:term":[{"taxonomy":"category","embeddable":true,"href":"https:\/\/www.michlmichl.ch\/index.php?rest_route=%2Fwp%2Fv2%2Fcategories&post=147"},{"taxonomy":"post_tag","embeddable":true,"href":"https:\/\/www.michlmichl.ch\/index.php?rest_route=%2Fwp%2Fv2%2Ftags&post=147"}],"curies":[{"name":"wp","href":"https:\/\/api.w.org\/{rel}","templated":true}]}}