{"id":163,"date":"2012-09-18T17:05:10","date_gmt":"2012-09-18T15:05:10","guid":{"rendered":"http:\/\/www.michlmichl.ch\/?p=163"},"modified":"2013-10-30T18:15:57","modified_gmt":"2013-10-30T16:15:57","slug":"uberlebt","status":"publish","type":"post","link":"https:\/\/www.michlmichl.ch\/?p=163","title":{"rendered":"weissweinkutteln"},"content":{"rendered":"<p>da komm&#8216; ich grad von meiner dienstaglichen (dienstag &#8211; das hat nichts mit dienst zu tun, dienstag ist meine freier tag, darum ist dienstag freitag), ja jedenfalls komm&#8216; ich grad von meiner gewohnten bergtour zur\u00fcck und les&#8216; da im regionalbl\u00e4ttli unter dem titel \u00abbergwandern ist kein spaziergang\u00bb, dass ich so ziemlich alles falsch gemacht habe. und dies nicht nur heute, sondern jeden dienstag, und das schon seit jahren.<\/p>\n<p>ich habe n\u00e4mlich nicht dabeigehabt: wind-, regen-, k\u00e4lte- und sonnenschutz, detailliertes kartenmaterial (steht alles so in der zeitung, imfall!), verpflegung, apotheke mit rettungsdecke (wattef\u00f6gg ist eine rettungsdecke?), taschenlampe, funktionelle kleidung mit k\u00e4ppi und keinen rucksack um den ganzen gr\u00fcmpel mitzuschleppen. ausserdem habe ich die tour nicht gut geplant und meine k\u00f6rperliche verfassung ist, naja, sie ist halt.<\/p>\n<p>ich habe ausserdem viel zu wenig geld mitgehabt (f\u00fcr die rega) und ausserdem nicht die internationale notfallnummer notiert (112). ja doch, ein h\u00e4ndlifon habe ich mitgehabt. ich h\u00e4tte also immerhin irgendwo anrufen k\u00f6nnen, falls ich in eine notlage geraten w\u00e4re, der empfang im alpstein ist ja vorz\u00fcglich. ich hab&#8217;s auch gebraucht, das h\u00e4ndlifon, halbnotfallm\u00e4ssig, musste regula von der linde z&#8217;appenzell durchgeben, dass ich dann noch vorbeik\u00e4me, sie soll&#8216; doch bitte noch eine portion weissweinkutteln obtun (regula macht n\u00e4mlich die besten kutteln weit &amp; breit, aber um 14 uhr zu und ich hatte grad das 12h19-b\u00e4hnli z&#8217;wasserauen verpasst).<\/p>\n<p>nun da ich also grob fahrl\u00e4ssig mein leben, zumindest aber meine k\u00f6rperliche unversehrtheit auf&#8217;s spiel gesetzt habe, bin ich enart schon noch froh, dass ich \u00fcberlebt habe. dellisiech, was h\u00e4tte da alles passieren k\u00f6nnen in den 2 stunden von der alp sigel bis zur bogartenl\u00fccke und runter nach wasserauen! ich h\u00e4tte verhungern k\u00f6nnen, oder erfrieren, oder ich h\u00e4tte einen sonnenstich einfangen und dann durchdrehen k\u00f6nnen oder es h\u00e4tte mich eine rossbremse stechen k\u00f6nnen oder eine kuh aufspiessen, und \u00fcberhaupt h\u00e4tte ja auch die kabine des sigel-seilb\u00e4hnli abst\u00fcrzen k\u00f6nnen.<\/p>\n<p>seit heute frage ich mich also nicht mehr, was die leute so alles in ihren rucks\u00e4cken in die berge schleppen. aber fragen tu&#8216; ich mich heute, ob es die beiden sehr alten m\u00e4nner, bei denen der eine deutliche anzeichen einer fortgeschrittenen demenz aufwies (wieso sonst h\u00e4tte ihm der andere alles schier schreiend erkl\u00e4ren m\u00fcssen?), auch unversehrt \u00fcberlebt haben.<\/p>\n<p>&nbsp;<\/p>\n","protected":false},"excerpt":{"rendered":"<p>da komm&#8216; ich grad von meiner dienstaglichen (dienstag &#8211; das hat nichts mit dienst zu tun, dienstag ist meine freier tag, darum ist dienstag freitag), ja jedenfalls komm&#8216; ich grad von meiner gewohnten bergtour zur\u00fcck und les&#8216; da im regionalbl\u00e4ttli unter dem titel \u00abbergwandern ist kein spaziergang\u00bb, dass ich so ziemlich alles falsch gemacht habe. [&hellip;]<\/p>\n","protected":false},"author":1,"featured_media":0,"comment_status":"closed","ping_status":"closed","sticky":false,"template":"","format":"standard","meta":{"footnotes":""},"categories":[5],"tags":[],"class_list":["post-163","post","type-post","status-publish","format-standard","hentry","category-motz"],"_links":{"self":[{"href":"https:\/\/www.michlmichl.ch\/index.php?rest_route=\/wp\/v2\/posts\/163","targetHints":{"allow":["GET"]}}],"collection":[{"href":"https:\/\/www.michlmichl.ch\/index.php?rest_route=\/wp\/v2\/posts"}],"about":[{"href":"https:\/\/www.michlmichl.ch\/index.php?rest_route=\/wp\/v2\/types\/post"}],"author":[{"embeddable":true,"href":"https:\/\/www.michlmichl.ch\/index.php?rest_route=\/wp\/v2\/users\/1"}],"replies":[{"embeddable":true,"href":"https:\/\/www.michlmichl.ch\/index.php?rest_route=%2Fwp%2Fv2%2Fcomments&post=163"}],"version-history":[{"count":20,"href":"https:\/\/www.michlmichl.ch\/index.php?rest_route=\/wp\/v2\/posts\/163\/revisions"}],"predecessor-version":[{"id":795,"href":"https:\/\/www.michlmichl.ch\/index.php?rest_route=\/wp\/v2\/posts\/163\/revisions\/795"}],"wp:attachment":[{"href":"https:\/\/www.michlmichl.ch\/index.php?rest_route=%2Fwp%2Fv2%2Fmedia&parent=163"}],"wp:term":[{"taxonomy":"category","embeddable":true,"href":"https:\/\/www.michlmichl.ch\/index.php?rest_route=%2Fwp%2Fv2%2Fcategories&post=163"},{"taxonomy":"post_tag","embeddable":true,"href":"https:\/\/www.michlmichl.ch\/index.php?rest_route=%2Fwp%2Fv2%2Ftags&post=163"}],"curies":[{"name":"wp","href":"https:\/\/api.w.org\/{rel}","templated":true}]}}