{"id":1751,"date":"2014-02-12T15:42:39","date_gmt":"2014-02-12T12:42:39","guid":{"rendered":"http:\/\/www.michlmichl.ch\/?p=1751"},"modified":"2014-02-21T19:07:19","modified_gmt":"2014-02-21T16:07:19","slug":"1751","status":"publish","type":"post","link":"https:\/\/www.michlmichl.ch\/?p=1751","title":{"rendered":"migugegl"},"content":{"rendered":"<p style=\"text-align: justify;\">nebst diesem grips trips-projekt gibt es nat\u00fcrlich auch noch ein paar andere dinge, die mein leben bestimmen. \u00abich habe mehrere eisen im feuer\u00bb, sagt man manchmal. gewisse eisen aber tut man nicht ins feuer, die sind schon drin, kaum dass man das licht dieser kalten welt erblickt. und wiederum gewisse eisen tun andere f\u00fcr einem ins feuer, sie halten sie aber nicht selber, sondern \u00fcberlassen sie einem so schnell wie&#8217;s geht, vor allem dann, wenn diese eisen keinen isoliergriff haben. man verbrennt sich also die finger ohne dass man eigentlich wollte.<\/p>\n<p style=\"text-align: justify;\">nach dem hochphiliosophischen exkurs nun aber wieder zur\u00fcck in die k\u00e4lte dieses landes. seit sonntag ist der winter wieder da und wer weiss wie lange er anhalten wird. die ferienveranstalter werben um unsere gunst und selbstverst\u00e4ndlich werden wir auch dieses jahr wieder an irgendwelche str\u00e4nde reisen um uns vom stress zu erholen. str\u00e4nde gibt es aber nur im ausland, die schweiz hat keine, wie sie noch vieles nicht hat, das man nur im ausland findet. dar\u00fcber machen wir uns aber keine gedanken. oberselbstverst\u00e4ndlich erwarten wir vom ausland, dass sie uns f\u00fcr ein, zwei wochen annehmen und uns mit jeglicher annehmlichkeit permanent zur verf\u00fcgung stehen. sollen sie gef\u00e4lligst auch, wir zahlen schliesslich daf\u00fcr und das nicht zu wenig. und umgekehrt? nein, wir wollen keine ausl\u00e4nder hier, wir sind uns selbst genug. ausserdem haben wir ja keine str\u00e4nde, also was w\u00fcrden sie schon wollen hier. drum raus mit diesen massen!<\/p>\n<p style=\"text-align: justify;\">schreibt mir jemand: \u00abIst dieses Malta eigentlich sch\u00f6n? Ist es jetzt es bitzeli warm dort?\u00bb da hat jemand mitbekommen, dass ich demn\u00e4chst mal wieder verreise. diesmal bleibe ich in euopa und ich habe kein gutes gef\u00fchl dabei. ich mag diskussionen, in denen ich mich f\u00fcr die h\u00e4lfte meiner mitschweizerinnen und &#8211; schweizer rechtfertigen muss, nicht. aber ich mag auch aussagen wie: \u00abich habe dann nicht daf\u00fcr gestimmt!\u00bb auch nicht. wirkt irgendwie opportunistisch. auch wenn ich nichts sage und auf guter schweigender tourist mache, werde ich k\u00fcnftig malteser, mallorquiner und monegassen\u00a0\u00abes ist sommer und sie kommen wieder rosinen picken\u00bb in ihre b\u00e4rte grummeln h\u00f6ren. die front der nichtschweizer ist jetzt nicht mehr im araberland, sie ist n\u00e4her gekommen und steht jetzt in chiasso und annemasse.<\/p>\n<p style=\"text-align: justify;\">ich werde jetzt also in zehn tagen auf dieses malta fliegen und mich sch\u00e4men. malta liegt in europa, ist auch ein kleines land und wird t\u00e4glich von fast ebensoviel fremden, die keine touristen sind, \u00fcberschwemmt, aber eine abstimmung zur abblockung der masseneinwanderung hat es dort noch nie gegeben. malta&#8217;s bev\u00f6lkerungsdichte ist \u00fcber sechs mal h\u00f6her als die der schweiz, aber das wort \u00abdichtestress\u00bb gibt es dort nicht. trotz dieser menschendichte gibt es auf malta kein wohn- oder geschaftshaus, das mehr als sechs stockwerke hat, es gibt keine autobahn, die regelm\u00e4ssig verstopft ist und der \u00f6ffentliche verkehr ist nicht \u00fcberlastet. malteserinnen und malteser suchen sich ihre arbeit vor der haust\u00fcre und nicht mehr als eine stunde davon entfernt, nur weil es dort noch einen hunderter im monat mehr gibt.<\/p>\n<p style=\"text-align: left;\">malta isch guet und git e gueti luune. in der schweiz ist grad winter.<\/p>\n<p style=\"text-align: right;\"><iframe loading=\"lazy\" style=\"border: none; overflow: hidden; width: 90px; height: 22px;\" src=\"\/\/www.facebook.com\/plugins\/follow?href=https%3A%2F%2Fwww.facebook.com%2Fmichlmichlmichl&amp;layout=button_count&amp;show_faces=false&amp;colorscheme=light&amp;width=150&amp;height=20\" frameborder=\"0\" scrolling=\"no\" width=\"320\" height=\"240\"><\/iframe><id=\"fb-root\"><script type=\"text\/javascript\">\/\/ <![CDATA[\n(function(d, s, id) {   var js, fjs = d.getElementsByTagName(s)[0];   if (d.getElementById(id)) return;   js = d.createElement(s); js.id = id;   js.src = \"\/\/connect.facebook.net\/de_DE\/all.js#xfbml=1\";   fjs.parentNode.insertBefore(js, fjs); }(document, 'script', 'facebook-jssdk'));\n\/\/ ]]><\/script><\/p>\n<div class=\"fb-like\" style=\"text-align: right;\" data-href=\"http:\/\/www.michlmichl.ch\" data-send=\"true\" data-layout=\"button_count\" data-width=\"150\" data-show-faces=\"true\">\u00a0<\/div>\n<p style=\"text-align: right;\">\u00a0<\/p>\n","protected":false},"excerpt":{"rendered":"<p>nebst diesem grips trips-projekt gibt es nat\u00fcrlich auch noch ein paar andere dinge, die mein leben bestimmen. \u00abich habe mehrere eisen im feuer\u00bb, sagt man manchmal. gewisse eisen aber tut man nicht ins feuer, die sind schon drin, kaum dass man das licht dieser kalten welt erblickt. und wiederum gewisse eisen tun andere f\u00fcr einem [&hellip;]<\/p>\n","protected":false},"author":1,"featured_media":0,"comment_status":"closed","ping_status":"closed","sticky":false,"template":"","format":"standard","meta":{"footnotes":""},"categories":[5],"tags":[13,12,154],"class_list":["post-1751","post","type-post","status-publish","format-standard","hentry","category-motz","tag-goetzen","tag-tanganjika","tag-liemba"],"_links":{"self":[{"href":"https:\/\/www.michlmichl.ch\/index.php?rest_route=\/wp\/v2\/posts\/1751","targetHints":{"allow":["GET"]}}],"collection":[{"href":"https:\/\/www.michlmichl.ch\/index.php?rest_route=\/wp\/v2\/posts"}],"about":[{"href":"https:\/\/www.michlmichl.ch\/index.php?rest_route=\/wp\/v2\/types\/post"}],"author":[{"embeddable":true,"href":"https:\/\/www.michlmichl.ch\/index.php?rest_route=\/wp\/v2\/users\/1"}],"replies":[{"embeddable":true,"href":"https:\/\/www.michlmichl.ch\/index.php?rest_route=%2Fwp%2Fv2%2Fcomments&post=1751"}],"version-history":[{"count":22,"href":"https:\/\/www.michlmichl.ch\/index.php?rest_route=\/wp\/v2\/posts\/1751\/revisions"}],"predecessor-version":[{"id":2117,"href":"https:\/\/www.michlmichl.ch\/index.php?rest_route=\/wp\/v2\/posts\/1751\/revisions\/2117"}],"wp:attachment":[{"href":"https:\/\/www.michlmichl.ch\/index.php?rest_route=%2Fwp%2Fv2%2Fmedia&parent=1751"}],"wp:term":[{"taxonomy":"category","embeddable":true,"href":"https:\/\/www.michlmichl.ch\/index.php?rest_route=%2Fwp%2Fv2%2Fcategories&post=1751"},{"taxonomy":"post_tag","embeddable":true,"href":"https:\/\/www.michlmichl.ch\/index.php?rest_route=%2Fwp%2Fv2%2Ftags&post=1751"}],"curies":[{"name":"wp","href":"https:\/\/api.w.org\/{rel}","templated":true}]}}