{"id":194,"date":"2012-12-03T19:34:30","date_gmt":"2012-12-03T17:34:30","guid":{"rendered":"http:\/\/www.michlmichl.ch\/?p=194"},"modified":"2013-10-30T17:35:03","modified_gmt":"2013-10-30T15:35:03","slug":"weltuntergang","status":"publish","type":"post","link":"https:\/\/www.michlmichl.ch\/?p=194","title":{"rendered":"weltenende"},"content":{"rendered":"<p>jetzt ist es dann soweit und es besch\u00e4ftigt mich halt doch, obwohl ich das thema enart v\u00f6llig \u00fcberfl\u00fcssig finde. weltuntergang. immer mehr leute sprechen davon, ironisch bis sarkastisch und meist schwingt ganz fein etwas zweifel mit. gut am ganzen ist, dass dar\u00fcber gesprochen wird. und manch einer, oder eine, macht sich, hoffentlich, gedanken. ich meine nicht gedanken \u00fcber das weltenende, das da kommen soll, denn dann w\u00fcrde man es ja ernst nehmen. ich meine, es ist gut, sich gedanken zu machen \u00fcber einen theoretischen weltuntergang. was w\u00e4re wenn.<\/p>\n<p>was w\u00fcrde ich heute tun wenn in zweieinhalb wochen die welt untergehen w\u00fcrde? falsche frage, richtiger zeitpunkt. sollte die frage nicht eher so lauten: warum tue ich es nicht? gell, lesende, wir haben keine garantie, dass wir morgen noch leben. und trotzdem planen wir bereits heute das morgen, frech und hoffnungsvoll und todsicher, dass es auch morgen ein heute gibt.<\/p>\n<p>und wenn sie doch recht haben, die eso&#8217;s, die sagen, dass am 22. dieses monat&#8217;s alles aus ist? w\u00fcrden wir uns hintersinnen, es doch nicht getan zu haben, das, was wir schon immer wollten? diesem tubel von nachbarn die meinung sagen? dem chef, diesem arschloch? warum \u00fcberfallen wir nicht schon heute eine bank und knallen die kohle durch bis am 21.?<\/p>\n<p>ja eigentlich wollte ich mich nicht mit dem thema befassen. es hat sich in meine \u00fcberlegungen geschoben, weil ich soeben im intelligentesten aller ostschweizer regionalfernsehsender eine umfrage mitbekommen habe, in der menschen danach befragt wurden, was sie vom weltuntergang am 21. halten. da hat eine ostschweizerin die antwort gegeben: \u00abIch glaube es erst wenn ich es gesehen habe.\u00bb na toll.<\/p>\n<p>&nbsp;<\/p>\n<p>p.s.: ein faktum, das uns sozusagen garantiert, dass die welt nicht zusammenbricht, ist soeben im buckingham palace bekannt gegeben worden: kate ist schwanger. und das kind kommt erst im fr\u00fchling. also, was h\u00e4tte das denn f\u00fcr einen sinn, nach dem weltuntergang?<\/p>\n<div id=\"fb-root\"><\/div>\n<p><script type=\"text\/javascript\">\/\/ <![CDATA[\n(function(d, s, id) {\n  var js, fjs = d.getElementsByTagName(s)[0];\n  if (d.getElementById(id)) return;\n  js = d.createElement(s); js.id = id;\n  js.src = \"\/\/connect.facebook.net\/de_DE\/all.js#xfbml=1\";\n  fjs.parentNode.insertBefore(js, fjs);\n}(document, 'script', 'facebook-jssdk'));\n\/\/ ]]><\/script><\/p>\n<div class=\"fb-like\" data-href=\"http:\/\/www.michlmichl.ch\" data-send=\"true\" data-layout=\"box_count\" data-width=\"450\" data-show-faces=\"true\" data-font=\"arial\"><\/div>\n","protected":false},"excerpt":{"rendered":"<p>jetzt ist es dann soweit und es besch\u00e4ftigt mich halt doch, obwohl ich das thema enart v\u00f6llig \u00fcberfl\u00fcssig finde. weltuntergang. immer mehr leute sprechen davon, ironisch bis sarkastisch und meist schwingt ganz fein etwas zweifel mit. gut am ganzen ist, dass dar\u00fcber gesprochen wird. und manch einer, oder eine, macht sich, hoffentlich, gedanken. ich meine [&hellip;]<\/p>\n","protected":false},"author":1,"featured_media":0,"comment_status":"closed","ping_status":"closed","sticky":false,"template":"","format":"standard","meta":{"footnotes":""},"categories":[5],"tags":[],"class_list":["post-194","post","type-post","status-publish","format-standard","hentry","category-motz"],"_links":{"self":[{"href":"https:\/\/www.michlmichl.ch\/index.php?rest_route=\/wp\/v2\/posts\/194","targetHints":{"allow":["GET"]}}],"collection":[{"href":"https:\/\/www.michlmichl.ch\/index.php?rest_route=\/wp\/v2\/posts"}],"about":[{"href":"https:\/\/www.michlmichl.ch\/index.php?rest_route=\/wp\/v2\/types\/post"}],"author":[{"embeddable":true,"href":"https:\/\/www.michlmichl.ch\/index.php?rest_route=\/wp\/v2\/users\/1"}],"replies":[{"embeddable":true,"href":"https:\/\/www.michlmichl.ch\/index.php?rest_route=%2Fwp%2Fv2%2Fcomments&post=194"}],"version-history":[{"count":12,"href":"https:\/\/www.michlmichl.ch\/index.php?rest_route=\/wp\/v2\/posts\/194\/revisions"}],"predecessor-version":[{"id":783,"href":"https:\/\/www.michlmichl.ch\/index.php?rest_route=\/wp\/v2\/posts\/194\/revisions\/783"}],"wp:attachment":[{"href":"https:\/\/www.michlmichl.ch\/index.php?rest_route=%2Fwp%2Fv2%2Fmedia&parent=194"}],"wp:term":[{"taxonomy":"category","embeddable":true,"href":"https:\/\/www.michlmichl.ch\/index.php?rest_route=%2Fwp%2Fv2%2Fcategories&post=194"},{"taxonomy":"post_tag","embeddable":true,"href":"https:\/\/www.michlmichl.ch\/index.php?rest_route=%2Fwp%2Fv2%2Ftags&post=194"}],"curies":[{"name":"wp","href":"https:\/\/api.w.org\/{rel}","templated":true}]}}