{"id":2191,"date":"2014-03-02T22:04:11","date_gmt":"2014-03-02T19:04:11","guid":{"rendered":"http:\/\/www.michlmichl.ch\/?p=2191"},"modified":"2014-03-17T18:59:36","modified_gmt":"2014-03-17T15:59:36","slug":"carnival","status":"publish","type":"post","link":"https:\/\/www.michlmichl.ch\/?p=2191","title":{"rendered":"carnival"},"content":{"rendered":"<p style=\"text-align: justify;\">fasnacht sei die zeit, in der das fleisch teuer ist, weil die leute noch reinhauen, bevor es dann 40 tage lang keines mehr gibt. dies ist die erkl\u00e4rung f\u00fcr den begriff \u00abcarneval\u00bb, also \u00abwertvolles fleisch\u00bb, zu der mich aldo, mein hotelier hier in kalkara, inspirierte. so hab&#8216; ich mir&#8217;s in der tat noch nie \u00fcberlegt. na ja, logisch ist das auf jeden fall. ich hab&#8216; mir deswegen heute mittag ein \u00abribeye steak\u00bb geg\u00f6nnt, 250 gramm schwer und medium durch. geg\u00f6nnt hab&#8216; ich mir das teil mitten im trubel der valletter fasnacht, in die es mich verschlagen hat, ohne dass ich so recht wollte. aber wieder einmal hat mich ein falsch bestiegener bus dahin gef\u00fchrt, wo neue erfahrungen lauern. freiwillig w\u00e4re ich heute, wo der ganz grosse fasnachtsumzug stattfindet und demzufolge kreti &amp; pleti auf der strasse ist, nicht nach valletta reingefahren.<\/p>\n<p style=\"text-align: justify;\">auch malta kennt die fasnacht. \u00abcarnival\u00bb heisst das hier, f\u00fcnf tage dauert sie, zurzeit ist grad halbzeit. der tradition folgend, bauen die malteserinnen und malteser riesige umzugswagen mit bombastischen fantasiesujets. dazu tanzen viele t\u00e4nzerinnen und ein paar t\u00e4nzer in aufgedonnerten kost\u00fcmen aus schaumgummi und plastik zu total durchgeknallter und noch viel lauterer musik um die wagen. das ganze findet am sonntagnachmittag im verkehrsbefreiten zentrum vallettas statt. aber weil es f\u00fcr die vielen wagen innnerhalb der engen stadt keinen bereitstellungplatz gibt, stellen sich die von kleinen traktoren gezogenen sujets vor der stadt auf. dann werden sie von der polizei durchs stadttor geschleust, was logischerweise und folgerichtig zu einem totalen und kompletten verkehrschaos f\u00fchrt.<\/p>\n<p style=\"text-align: justify;\">heuer sei, schreibt \u00abTHE SUNDAY TIMES OF MALTA\u00bb, zum ersten mal seit 80 jahren wieder ein satirisches motiv an der fasnacht aufgetaucht. zum thema hat sich eine wagenbauergruppe das gebaren des amtierenden und erst vor einem dreiviertel jahr gew\u00e4hlten ministerpr\u00e4sidenten joseph muscat gemacht. der n\u00e4mlich hatte unl\u00e4ngst die idee, die staatskasse mit dem verkauf von maltesischen EU-p\u00e4ssen aufzubessern (malta hat z.z. eine staatsverschuldung von gut 5 mia \u20ac (was nat\u00fcrlich ein pipifatz ist, jedoch hat malta nur 400&#8217;000 einwohnende, somit eine pro-kopf-verschuldung von etwa 12&#8217;500 \u20ac, was wiederum auch nicht dramatisch ist, liegt z.b. deutschland doppelt so hoch)). 650&#8217;000 \u20ac soll der preis f\u00fcr den weinroten pass betragen (wobei dieser preis nach protesten der opposition unl\u00e4ngst verdoppelt wurde). zum zweiten wird muscat mangelndes feingef\u00fchl in sachen volksseele angekreidet. die regierung plant n\u00e4mlich eine fl\u00fcssiggasschiffsentladestation beim gr\u00f6ssten elektrizit\u00e4tswerk (es gibt auf malta nur 2 EW&#8217;s, beide stellen strom mittels verbrennung von heiz\u00f6l her), um die abh\u00e4ngigkeit von \u00f6l zu vermindern. gegen dieses vorhaben gibt es opposition von seiten der anwohnenden zweier d\u00f6rfer im umkreis von nur 1 kilometer (dazu muss man sich vorstellen, dass \u00fcblicherweise solche entladestationen im offenen meer gebaut werden und andere schiffe w\u00e4hrend des entladen&#8217;s mindestens 2 meilen abstand halten m\u00fcssen).<\/p>\n<p style=\"text-align: justify;\">und zum dritten wird auf malta aktuell ein \u00abstromdiebstahlskandal\u00bb breitgeschlagen. mehrere bedienstete des staatlichen stromlieferanten ENEMALTA haben n\u00e4mlich kunden, die dies w\u00fcnschten, manipulierte stromz\u00e4hler \u00abverkauft\u00bb, die bis zu 75 % weniger strom messen. 1&#8217;200 \u20ac kostete so ein gefakter z\u00e4hler, rund 1&#8217;000 st\u00fcck seien abgesetzt worden, 30 mio \u20ac betr\u00fcge der schaden, sagt die untersuchungsbeh\u00f6rde. dabei sei malta das erste EU-land, das vor zwei Jahren fl\u00e4chendeckend die intelligenten \u00abSmart Meter\u00bb eingef\u00fchrt hat, mit denen man den stromverbrauch auf kilowattsekunde und minute genau analysieren kann. nun ist malta auch das erste land, in dem im grossen stil mit diesen gescheiten z\u00e4hlern beschissen wurde (dem vernehmen nach seien die z\u00e4hler in s\u00fcditalien \u00abfrisiert\u00bb worden). PM joseph muscats vergehen ist nun, dass er die 1&#8217;000 \u00abkunden\u00bb nicht strafverfolgen will, sondern nur die handvoll techniker bei der ENEMALTA (von denen einer bereits 2 jahre absitzt).<\/p>\n<p style=\"text-align: justify;\">so wird auf malta politik betrieben. sauh\u00e4feli saudeckeli. dazu passt, dass\u00a0 eine freundin der gattin des PM, michelle muscat, soeben den job der maltesichen tourismusrepres\u00e4ntanz in new york erhalten hat. der posten ist mit 60&#8217;000 \u20ac pro jahr dotiert. \u00fcberaus anstrengen braucht sich die dame nicht. kann sie auch nicht, da sie nebenher hauptamtlich eine bijouteriekette f\u00fchrt. ihre businesspartnerin dabei heisst michelle muscat.<\/p>\n<p style=\"text-align: justify;\">trotzdem ist malta entspannend. auch wenn die fasnacht mit pauken und trompeten gefeiert wird (dr\u00fcben in valletta, meine residenz ist z.z. in kalkara). ohne feuerwerk geht selbstverst\u00e4ndlich auch dieses fest nicht \u00fcber die b\u00fchne. das knallen und t\u00e4tschen ist auch ein symbolisches ventlil f\u00fcr die vielen vetterligesch\u00e4fte der regierenden, die nicht oder nur z\u00e4hfliessend an licht kommen.<\/p>\n<p style=\"text-align: center;\"><a href=\"http:\/\/www.michlmichl.ch\/wp-content\/uploads\/2014\/03\/IMG_0434_kop_block.jpg\" target=\"_blank\"><img loading=\"lazy\" decoding=\"async\" class=\"aligncenter  wp-image-2209\" style=\"border: 3px solid black; margin-top: 6px; margin-bottom: 6px;\" title=\"IMG_0434_kop_block\" src=\"http:\/\/www.michlmichl.ch\/wp-content\/uploads\/2014\/03\/IMG_0434_kop_block.jpg\" alt=\"\" width=\"1600\" height=\"1195\" srcset=\"https:\/\/www.michlmichl.ch\/wp-content\/uploads\/2014\/03\/IMG_0434_kop_block.jpg 1600w, https:\/\/www.michlmichl.ch\/wp-content\/uploads\/2014\/03\/IMG_0434_kop_block-300x224.jpg 300w, https:\/\/www.michlmichl.ch\/wp-content\/uploads\/2014\/03\/IMG_0434_kop_block-1024x764.jpg 1024w\" sizes=\"auto, (max-width: 1600px) 100vw, 1600px\" \/><\/a><\/p>\n<p><iframe loading=\"lazy\" style=\"border: none; overflow: hidden; width: 90px; height: 22px;\" src=\"\/\/www.facebook.com\/plugins\/follow?href=https%3A%2F%2Fwww.facebook.com%2Fmichlmichlmichl&amp;layout=button_count&amp;show_faces=false&amp;colorscheme=light&amp;width=150&amp;height=20\" frameborder=\"0\" scrolling=\"no\" width=\"320\" height=\"240\"><\/iframe><\/p>\n<div id=\"fb-root\">\u00a0<\/div>\n<p><script type=\"text\/javascript\">\/\/ <![CDATA[\n(function(d, s, id) {   var js, fjs = d.getElementsByTagName(s)[0];   if (d.getElementById(id)) return;   js = d.createElement(s); js.id = id;   js.src = \"\/\/connect.facebook.net\/de_DE\/all.js#xfbml=1\";   fjs.parentNode.insertBefore(js, fjs); }(document, 'script', 'facebook-jssdk'));\n\/\/ ]]><\/script><\/p>\n","protected":false},"excerpt":{"rendered":"<p>fasnacht sei die zeit, in der das fleisch teuer ist, weil die leute noch reinhauen, bevor es dann 40 tage lang keines mehr gibt. dies ist die erkl\u00e4rung f\u00fcr den begriff \u00abcarneval\u00bb, also \u00abwertvolles fleisch\u00bb, zu der mich aldo, mein hotelier hier in kalkara, inspirierte. so hab&#8216; ich mir&#8217;s in der tat noch nie \u00fcberlegt. [&hellip;]<\/p>\n","protected":false},"author":1,"featured_media":0,"comment_status":"closed","ping_status":"closed","sticky":false,"template":"","format":"standard","meta":{"footnotes":""},"categories":[7],"tags":[],"class_list":["post-2191","post","type-post","status-publish","format-standard","hentry","category-liemba"],"_links":{"self":[{"href":"https:\/\/www.michlmichl.ch\/index.php?rest_route=\/wp\/v2\/posts\/2191","targetHints":{"allow":["GET"]}}],"collection":[{"href":"https:\/\/www.michlmichl.ch\/index.php?rest_route=\/wp\/v2\/posts"}],"about":[{"href":"https:\/\/www.michlmichl.ch\/index.php?rest_route=\/wp\/v2\/types\/post"}],"author":[{"embeddable":true,"href":"https:\/\/www.michlmichl.ch\/index.php?rest_route=\/wp\/v2\/users\/1"}],"replies":[{"embeddable":true,"href":"https:\/\/www.michlmichl.ch\/index.php?rest_route=%2Fwp%2Fv2%2Fcomments&post=2191"}],"version-history":[{"count":26,"href":"https:\/\/www.michlmichl.ch\/index.php?rest_route=\/wp\/v2\/posts\/2191\/revisions"}],"predecessor-version":[{"id":2336,"href":"https:\/\/www.michlmichl.ch\/index.php?rest_route=\/wp\/v2\/posts\/2191\/revisions\/2336"}],"wp:attachment":[{"href":"https:\/\/www.michlmichl.ch\/index.php?rest_route=%2Fwp%2Fv2%2Fmedia&parent=2191"}],"wp:term":[{"taxonomy":"category","embeddable":true,"href":"https:\/\/www.michlmichl.ch\/index.php?rest_route=%2Fwp%2Fv2%2Fcategories&post=2191"},{"taxonomy":"post_tag","embeddable":true,"href":"https:\/\/www.michlmichl.ch\/index.php?rest_route=%2Fwp%2Fv2%2Ftags&post=2191"}],"curies":[{"name":"wp","href":"https:\/\/api.w.org\/{rel}","templated":true}]}}