{"id":2650,"date":"2014-05-23T18:30:57","date_gmt":"2014-05-23T15:30:57","guid":{"rendered":"http:\/\/www.michlmichl.ch\/?p=2650"},"modified":"2014-05-23T19:18:14","modified_gmt":"2014-05-23T16:18:14","slug":"pollinose","status":"publish","type":"post","link":"https:\/\/www.michlmichl.ch\/?p=2650","title":{"rendered":"pollinose"},"content":{"rendered":"<p style=\"text-align: justify;\">ja, ich hab&#8216; ihn. nein, ich leide nicht darunter. ich hab&#8216; ihn einfach und damit basta. er ist ekelhaft, doof und l\u00e4stig. die meisten leute haben keine wirkliche ahnung wie l\u00e4stig. viele fragen mich, echte empathie zeigend, wie er sich anf\u00fchlt, aber viele fragen mich nicht, denken sich vielleicht nur, dass ich heute zuwenig geschlafen oder gestern zuviel gesoffen habe oder beides. manche checken \u00fcberhaupt nichts. und auch die haben nicht unrecht, denn oft sieht man mir nichts an. nicht nur mir &#8211; allen heuschnupfenbetroffenen. am schlimmsten sind die zeitgenossInnen, die sofort irgendein hausmittelchen kennen oder mir mit dem rat raten, die sache abkl\u00e4ren zu lassen. aber am allerschlimmsten unter den schlimmen sind die, die ihre ratschl\u00e4ge schon \u00e4ussern, bevor ich den satz \u00abes ist wegen dem heuschnupfen\u00bb (\u00fcblicherweise nach einer heftigen niesattacke) beendet habe. leute, ich will keine ratschl\u00e4ge, keine falsche empathie und mitleid schon gar nicht. pollenhinweise in der zeitung brauch&#8216; ich auch nicht, sie n\u00fctzen etwa soviel wie das steinschlagschild an einer bergstrasse &#8211; man weiss dann nur was es war, wenns auf dem autodach donnert. ebensowenig n\u00fctzlich ist der hinweis, die sch\u00f6nsten fr\u00fchlingstage in der wohnung und bei geschlossenen fenstern zu verbringen oder aber gleich im luftschutzkeller.<\/p>\n<p style=\"text-align: justify;\">ich m\u00f6chte hier und endlich ein f\u00fcr allemal f\u00fcr alle kl\u00e4ren, wie sich der heuschnupfen anf\u00fchlt und ich m\u00f6chte dann nicht mehr darauf angesprochen werden. allerh\u00f6chstens m\u00f6chte ich h\u00f6ren: \u00abhier, trink ein bier auf dein problem und auf meine rechnung!\u00bb (in der tat hilft bier gegen allergene tr\u00e4nensch\u00fcbe).<\/p>\n<p style=\"text-align: justify;\">am ersten tag des jahres, an dem normalerweise alle bauern zeitgleich das gras zum heuen m\u00e4hen, geht es los. ein leichtes jucken im hals oder in den augen. je nachdem, wie nah man sich, also ich mich, am gem\u00e4hten feld aufhalte, ist das jucken intensiver. es kommt zu ersten tr\u00e4nenausbr\u00fcchen. wenn dazu die sonne recht intensiv scheint, fliessen die tr\u00e4nen bereits wie b\u00e4che. man, also ich, nehm&#8217;s noch gelassen, es wird abend und die lage entspannt sich. am n\u00e4chsten morgen wache ich mit dicken augen auf. bis ich es zum lavabo schaffe, fliesst der tr\u00e4nenbach bereits wie die tamina ihre schlucht hinunter. duschen l\u00f6st f\u00fcr den moment das problem, ein zweites k\u00fcndigt sich an: die nase. es juckt und beisst darin, und\/oder es fliesst aus ihr. es ist aber erst vormittag. taschent\u00fccher &#8211; die grossen appenzeller, nicht tempo &#8211; m\u00fcssen her. wenn jetzt noch leichter f\u00f6hn aufkommt, ist die katastrophe perfekt. der wind bringt tonnenweise pollen in jede ecke. es gibt kein entfliehen, auch ein geschlossener raum n\u00fctzt nicht viel, weil er l\u00e4ngst mit pollen voll ist. eigentlich n\u00fctzt jetzt nur noch eine taucherausr\u00fcstung oder ein astronautenanzug. oder man, also ich, versuche, meine arbeit unter der laufenden dusche zu erledigen oder auf dem jungfraujoch. beides ist aus naheliegenden gr\u00fcnden reine illusion.<\/p>\n<p style=\"text-align: justify;\">je nachdem, wie stark die schleimh\u00e4ute im laufe der saison schon gereizt, bzw. entz\u00fcndet sind, kann sich das problem auch auf andere k\u00f6rperstellen verlagern. die augen schmerzen bei sonnenschein. es kratzt im hals, so dass man dauernd husten muss. das jucken kann sich auch in den hinteren gaumen oder in die geh\u00f6rg\u00e4nge verlagern, dort wo man sich nicht kratzen kann, das ist am allerdoofsten. man k\u00f6nnte die fingern\u00e4gel in felsw\u00e4nde schlagen und sich daran hochziehen, derart \u00e4rgerlich ist die sache in diesem stadium. gegen heuschnupfen hilft oft nur reiben und kratzen und schneutzen und alles unter k\u00fchlem wasser abwaschen. man reibt sich die augen, am besten mit verschwitzten fingern, dann kommt zum jucken auch noch das brennen, na toll. eine gepflegte konservation oder das sich besch\u00e4ftigen mit dingen, wozu man die augen braucht, zum beispiel schreiben, wird g\u00e4nzlich unm\u00f6glich weil man bei ersterem st\u00e4ndig flucht und bei zweitem nichts sieht. der gang zum n\u00e4chsten wasserhahn wird zum emergency case. und dann hinlegen und ein eisbeutel aufs gesicht. heuschnupfen heisst auf englisch \u00abhay fever\u00bb, und so f\u00fchlt es sich in seinem augepr\u00e4gtesten stadium an: wie fieber. heisser kopf, heisse wangen, laufende nase, dicker hals, brennende augen. aber keine erh\u00f6hte temperatur &#8211; nur der kopf ist heiss wie eine suppenpfanne.<\/p>\n<p style=\"text-align: justify;\">in einem n\u00e4chsten stadium kommen dann reaktionen auf allerlei sonstige kleinstpartikel in der luft dazu. man, also ich, bin pl\u00f6tzlich auch empfindlich gegen\u00fcber sahara- und hausstaub, abgase, rauch oder katzenhaare. steht ein blumenstrauss in einem wohnzimmer, niese ich schon unter der t\u00fcre. mein k\u00f6rper l\u00e4uft zur h\u00f6chstform der gereiztheit auf und r\u00e4cht sich schliesslich an der psyche. ich reagiere gereizt auf alles unzul\u00e4ngliche, auf rasenm\u00e4her und laubbl\u00e4ser und insbesondere auch auf alte menschen am steuer. mein toleranzspiegel sinkt drastisch, typisch allergisch eben.<\/p>\n<p style=\"text-align: justify;\">mein heuschnupfen dauert etwa einen monat. worauf ich allergisch bin, weiss ich nicht im detail. es sind mehrere pollenarten, kamille und margritli sind dabei und haselnuss, nicht l\u00f6wenzahn oder hahnenfuss. vermutlich auch bestimmte oder alle im alpenraum vorkommenden grassorten. wenn ich mich auf eine wiese lege, habe ich innert sekunden rote stellen auf der haut, wo sie das gras ber\u00fchrte. manchmal habe ich schon im januar symptome, wenns ein warmer januar ist und der haselnuss schon versamt. da sind die symptome aber noch vernachl\u00e4ssigbar. am n\u00fctigsten ist die zeit um ende mai, anfang juni, wenn die bauern permanent am heuen sind, es nie regnet und immer ein leichter wind geht. es gibt tage, da verfluche ich unter laufender nase und mit b\u00e4chen in den augen den heuschnupfen. manchmal muss ich beim autofahren anhalten und die tr\u00e4nen aus den augen wischen. man m\u00fcsste einen augescheibenwischer haben. manchmal renne ich alle f\u00fcnf minuten zum lavabo, sofern vorhanden, oder ich dusche viermal im tag, sofern m\u00f6glich. manchmal niese ich zehn mal hintereinander, meistens erschrecken dann die leute um mich herum, sofern welche um mich herum sind.<\/p>\n<p style=\"text-align: justify;\">nein, ich mache keine desensibilisierung. und nein, ich nehme keine chemischen produkte mehr gegen das problem. ich habe alles genommen, was der markt in den letzten jahren (ich hab&#8216; das problem seit 30 jahren) hervorbrachte und die apotheker empfahlen: teldane, cetirizin, zirtec usw. st\u00e4ndig kommt etwas neues auf den markt, alle bek\u00e4mpfen die symptome sehr effizient, einige k\u00f6nnen herzrhythmusst\u00f6rungen nebenbewirken und alle machen m\u00fcde und die pharmaaktion\u00e4re reich. die meisten trocknen auch die schleimh\u00e4ute aus (als ob man zuviel kaffee getrunken hat) und man muss dann bier gegen die innere austrocknung zu sich nehmen, wovon die apotheker allerdings abraten, unp\u00e4sslicherweise. aber bier hilft auch so gegen die symptome, ohne chemie. oder vielleicht ist es auch der umstand, dass dort, wo bier getrunken wird, viele leute zusammensitzen, die die ganzen pollen durch einatmen vernichten und man, also ich, somit keine symptome habe. in der beiz, logischerweise, nicht im biergarten. dumm ist das nur f\u00fcr getreideallergiker, der ich aber nicht bin. zum gl\u00fcck. bei allem pech mit der pollinose.<\/p>\n<p style=\"text-align: right;\"><iframe loading=\"lazy\" style=\"border: none; overflow: hidden; width: 90px; height: 22px;\" src=\"\/\/www.facebook.com\/plugins\/follow?href=https%3A%2F%2Fwww.facebook.com%2Fmichlmichlmichl&amp;layout=button_count&amp;show_faces=false&amp;colorscheme=light&amp;width=150&amp;height=20\" frameborder=\"0\" scrolling=\"no\" width=\"320\" height=\"240\"><\/iframe><script type=\"text\/javascript\">\/\/ <![CDATA[\n(function(d, s, id) {   var js, fjs = d.getElementsByTagName(s)[0];   if (d.getElementById(id)) return;   js = d.createElement(s); js.id = id;   js.src = \"\/\/connect.facebook.net\/de_DE\/all.js#xfbml=1\";   fjs.parentNode.insertBefore(js, fjs); }(document, 'script', 'facebook-jssdk'));\n\/\/ ]]><\/script><\/p>\n<div class=\"fb-like\" style=\"text-align: right;\" data-href=\"http:\/\/www.michlmichl.ch\" data-send=\"true\" data-layout=\"button_count\" data-width=\"150\" data-show-faces=\"true\"> <\/div>\n<p style=\"text-align: right;\">\n<p style=\"text-align: right;\">\n","protected":false},"excerpt":{"rendered":"<p>ja, ich hab&#8216; ihn. nein, ich leide nicht darunter. ich hab&#8216; ihn einfach und damit basta. er ist ekelhaft, doof und l\u00e4stig. die meisten leute haben keine wirkliche ahnung wie l\u00e4stig. viele fragen mich, echte empathie zeigend, wie er sich anf\u00fchlt, aber viele fragen mich nicht, denken sich vielleicht nur, dass ich heute zuwenig geschlafen [&hellip;]<\/p>\n","protected":false},"author":1,"featured_media":0,"comment_status":"closed","ping_status":"closed","sticky":false,"template":"","format":"standard","meta":{"footnotes":""},"categories":[5],"tags":[],"class_list":["post-2650","post","type-post","status-publish","format-standard","hentry","category-motz"],"_links":{"self":[{"href":"https:\/\/www.michlmichl.ch\/index.php?rest_route=\/wp\/v2\/posts\/2650","targetHints":{"allow":["GET"]}}],"collection":[{"href":"https:\/\/www.michlmichl.ch\/index.php?rest_route=\/wp\/v2\/posts"}],"about":[{"href":"https:\/\/www.michlmichl.ch\/index.php?rest_route=\/wp\/v2\/types\/post"}],"author":[{"embeddable":true,"href":"https:\/\/www.michlmichl.ch\/index.php?rest_route=\/wp\/v2\/users\/1"}],"replies":[{"embeddable":true,"href":"https:\/\/www.michlmichl.ch\/index.php?rest_route=%2Fwp%2Fv2%2Fcomments&post=2650"}],"version-history":[{"count":27,"href":"https:\/\/www.michlmichl.ch\/index.php?rest_route=\/wp\/v2\/posts\/2650\/revisions"}],"predecessor-version":[{"id":2680,"href":"https:\/\/www.michlmichl.ch\/index.php?rest_route=\/wp\/v2\/posts\/2650\/revisions\/2680"}],"wp:attachment":[{"href":"https:\/\/www.michlmichl.ch\/index.php?rest_route=%2Fwp%2Fv2%2Fmedia&parent=2650"}],"wp:term":[{"taxonomy":"category","embeddable":true,"href":"https:\/\/www.michlmichl.ch\/index.php?rest_route=%2Fwp%2Fv2%2Fcategories&post=2650"},{"taxonomy":"post_tag","embeddable":true,"href":"https:\/\/www.michlmichl.ch\/index.php?rest_route=%2Fwp%2Fv2%2Ftags&post=2650"}],"curies":[{"name":"wp","href":"https:\/\/api.w.org\/{rel}","templated":true}]}}