{"id":2720,"date":"2014-06-13T16:33:27","date_gmt":"2014-06-13T13:33:27","guid":{"rendered":"http:\/\/www.michlmichl.ch\/?p=2720"},"modified":"2014-06-13T16:36:41","modified_gmt":"2014-06-13T13:36:41","slug":"alltagstageswahnsinne","status":"publish","type":"post","link":"https:\/\/www.michlmichl.ch\/?p=2720","title":{"rendered":"alltagswahnsinne"},"content":{"rendered":"<p style=\"text-align: justify;\">die wahnsinne des alltags schleichen sich oft fast unbemerkt ins leben. ich m\u00f6chte mich hier gar nicht lange mit dem philosophischen aspekt dieser feststellung aufhalten, sondern gleich ein paar unkommentierte beispiele nennen:<\/p>\n<p style=\"text-align: justify;\">im beispiel no 1 bekomme ich ein mail von ricardo:<\/p>\n<p style=\"text-align: left; padding-left: 30px;\"><em>Der aktuelle Kontosaldo betr\u00e4gt CHF 0.00 zu Ihren Gunsten.<\/em><br \/> <em>Falls ein Saldo von 0.00 oder zu Ihren Gunsten besteht, braucht diese Rechnung nicht bezahlt zu werden.<\/em><\/p>\n<p style=\"text-align: justify;\">beispiel no 2: sitze in meinem stammbistro, kommt ein alter mann herein, bestellt und trinkt einen kaffee. dann bezahlt er und sagt dabei: \u00abwieviel? weisch, i gh\u00f6r n\u00fcme so guet.\u00bb dann klaubt er mit zittrigen fingern m\u00fcnz aus seinem portemonnaie. \u00abstimmtz?\u00bb fragt er, \u00abweisch, i xseh \u00e4b\u00e4 n\u00fcme so guet.\u00bb dann geht er raus und klettert auf einen \u00abFendt Vario 722\u00bb mit 7.9 t eigengewicht und 205 PS, vorderr\u00e4der wie k\u00fchlschr\u00e4nke. hinten h\u00e4ngt am fendt ein psch\u00f6ttifass mit gesch\u00e4tzten 15 m3 inhalt, was ein gesamtgewicht des unget\u00fcms von etwa 24 tonnen gibt. dann startet der alte mann seinen traktor und f\u00e4hrt davon.<\/p>\n<p style=\"text-align: justify;\">beispiel no 3 lese ich im BLICK:<\/p>\n<p style=\"text-align: justify; padding-left: 30px;\"><em>Wurst-Alarm am Zurich Pride Festival! Conchita tritt heute Abend in der Limmatstadt auf \u2013 f\u00fcr lau.<\/em><\/p>\n<p style=\"text-align: justify;\">tja. was soll man da bloss noch sagen? der ganz normale wahnsinn.<\/p>\n<p>&nbsp;<\/p>\n<p style=\"text-align: right;\"><iframe loading=\"lazy\" style=\"border: none; overflow: hidden; width: 90px; height: 22px;\" src=\"\/\/www.facebook.com\/plugins\/follow?href=https%3A%2F%2Fwww.facebook.com%2Fmichlmichlmichl&amp;layout=button_count&amp;show_faces=false&amp;colorscheme=light&amp;width=150&amp;height=20\" frameborder=\"0\" scrolling=\"no\" width=\"320\" height=\"240\"><\/iframe><script type=\"text\/javascript\">\/\/ <![CDATA[\n(function(d, s, id) {   var js, fjs = d.getElementsByTagName(s)[0];   if (d.getElementById(id)) return;   js = d.createElement(s); js.id = id;   js.src = \"\/\/connect.facebook.net\/de_DE\/all.js#xfbml=1\";   fjs.parentNode.insertBefore(js, fjs); }(document, 'script', 'facebook-jssdk'));\n\/\/ ]]><\/script><\/p>\n<div class=\"fb-like\" style=\"text-align: right;\" data-href=\"http:\/\/www.michlmichl.ch\" data-send=\"true\" data-layout=\"button_count\" data-width=\"150\" data-show-faces=\"true\">\u00a0<\/div>\n<p style=\"text-align: right;\">\u00a0<\/p>\n","protected":false},"excerpt":{"rendered":"<p>die wahnsinne des alltags schleichen sich oft fast unbemerkt ins leben. ich m\u00f6chte mich hier gar nicht lange mit dem philosophischen aspekt dieser feststellung aufhalten, sondern gleich ein paar unkommentierte beispiele nennen: im beispiel no 1 bekomme ich ein mail von ricardo: Der aktuelle Kontosaldo betr\u00e4gt CHF 0.00 zu Ihren Gunsten. Falls ein Saldo von [&hellip;]<\/p>\n","protected":false},"author":1,"featured_media":0,"comment_status":"closed","ping_status":"closed","sticky":false,"template":"","format":"standard","meta":{"footnotes":""},"categories":[5],"tags":[],"class_list":["post-2720","post","type-post","status-publish","format-standard","hentry","category-motz"],"_links":{"self":[{"href":"https:\/\/www.michlmichl.ch\/index.php?rest_route=\/wp\/v2\/posts\/2720","targetHints":{"allow":["GET"]}}],"collection":[{"href":"https:\/\/www.michlmichl.ch\/index.php?rest_route=\/wp\/v2\/posts"}],"about":[{"href":"https:\/\/www.michlmichl.ch\/index.php?rest_route=\/wp\/v2\/types\/post"}],"author":[{"embeddable":true,"href":"https:\/\/www.michlmichl.ch\/index.php?rest_route=\/wp\/v2\/users\/1"}],"replies":[{"embeddable":true,"href":"https:\/\/www.michlmichl.ch\/index.php?rest_route=%2Fwp%2Fv2%2Fcomments&post=2720"}],"version-history":[{"count":9,"href":"https:\/\/www.michlmichl.ch\/index.php?rest_route=\/wp\/v2\/posts\/2720\/revisions"}],"predecessor-version":[{"id":2731,"href":"https:\/\/www.michlmichl.ch\/index.php?rest_route=\/wp\/v2\/posts\/2720\/revisions\/2731"}],"wp:attachment":[{"href":"https:\/\/www.michlmichl.ch\/index.php?rest_route=%2Fwp%2Fv2%2Fmedia&parent=2720"}],"wp:term":[{"taxonomy":"category","embeddable":true,"href":"https:\/\/www.michlmichl.ch\/index.php?rest_route=%2Fwp%2Fv2%2Fcategories&post=2720"},{"taxonomy":"post_tag","embeddable":true,"href":"https:\/\/www.michlmichl.ch\/index.php?rest_route=%2Fwp%2Fv2%2Ftags&post=2720"}],"curies":[{"name":"wp","href":"https:\/\/api.w.org\/{rel}","templated":true}]}}