{"id":2779,"date":"2014-06-19T12:26:49","date_gmt":"2014-06-19T09:26:49","guid":{"rendered":"http:\/\/www.michlmichl.ch\/?p=2779"},"modified":"2014-06-19T12:33:09","modified_gmt":"2014-06-19T09:33:09","slug":"gripstrips-2","status":"publish","type":"post","link":"https:\/\/www.michlmichl.ch\/?p=2779","title":{"rendered":"gripstrips #2"},"content":{"rendered":"<p style=\"text-align: justify;\">heute gibt&#8217;s keine gemotze, keine unf\u00e4lle, keine verbrechen. heute gibt&#8217;s news von gripstrips. ihr erinnert euch? <a href=\"http:\/\/michael.hug.huetzen.com\/\" target=\"_blank\">GRIPSTRIPS<\/a> ist das markenzeichen meiner buchreihe, die im herbst (genauer: september) ihren startschuss erlebt. den startschuss f\u00fcr die \u00f6ffentlichkeit, also ihr, liebe lesenden. der startschuss f\u00fcr uns, verleger rod, lektorin susanne, fotograf gerdi und mich hat schon l\u00e4ngst begonnen (kliggdiss: <a href=\"http:\/\/www.michlmichl.ch\/?p=2631\" target=\"_blank\">michlmichl.ch<\/a>). im herbst also (genauer: september) erscheint das erste buch der reihe.<\/p>\n<p style=\"text-align: justify;\">nun also das update: unl\u00e4ngst haben wir uns hingesetzt und das cover entworfen. dazu machte rod einen vorschlag, den ich wieder verwarf. dann machte ich einen vorschlag, den rod wieder verwarf. dann gingen wir essen (<a href=\"http:\/\/www.123pages.ch\/fr\/erp?q=&amp;url=http%3A%2F%2Fyellow.local.ch%2Fde%2Fd%2FSt-Gallen%2F9014%2FRestaurant%2FGertis-Neuhof-SnhO2OuISn6nsdVb92JVhQ\" target=\"_blank\">gerti&#8217;s neuhof<\/a>), dann trennten wir uns ergebnislos. dann vergingen ein paar tage. dann mailte rod einen vorschlag, den ich unter vorbehalten akzeptierte. dann vereinbarten wir einen shooting-termin mit <a href=\"http:\/\/www.poschung.ch\/\" target=\"_blank\">gerdi poschung<\/a> (gerti ist nicht gerdi, imfall!). dann trafen wir uns und berieten zu dritt und dann shooteten wir. dann machte rod den ultimativen entwurf und stellte ihn mir mailisch vor. dann hatte ich etwelche einw\u00e4nde und dann sagte rod, dass es jetzt dann langsam dr\u00e4nge, weil der vorabdruck im juni noch raus soll (der vorabdruck ist f\u00fcr die fachleute, presse, buchhandel usw.). dann sprach rod vom einband, der sollte hardcover sein, dann sagte ich nein, der soll mit schutzumschlag sein (alles per mail), dann h\u00f6rte ich nichts mehr von rod.<\/p>\n<p style=\"text-align: justify;\">zwischendurch bekam ich das manuskript (ca. 280 seiten) lektoriert von susanne zur\u00fcck. innert zwei wochen hatte ich die korrekturen und \u00e4nderungen anzunehmen oder abzulehnen (funktion in word bzw. open office, geht ratzfatz). dann ging ich das manus nochmals aufmerksam durch, machte da und dort kleine korrekturen (besonders bei &#8222;,&#8220;, und \u00ab bzw. \u00bb sowie grosse zahlen 100&#8217;000 statt 100000 oder 100 000). schliesslich schickte ich das lektorierte, akzeptierte, korrigierte und letztmals durchgecheckte manuskript (ca. 280 seiten) nach konstanz zu susanne.<\/p>\n<p style=\"text-align: justify;\">f\u00fcr mich ist der textteil nun abgeschlossen. von mir aus kann das jetzt in den druck. \u00fcber das cover sind wir uns noch nicht einig. ich bin nach wie vor der meinung, so ein cover soll etwas sch\u00f6nes, edles sein. darum einband mit schutzumschlag. hardcover sieht aus wie schulatlas. oder? das thema ist also noch nicht gegessen. erstmal aber fliege ich nach riga. kulturstadtrecherche. und rod br\u00fctet derweil dar\u00fcber, ob er \u00e4cht einlenken soll beim buchdeckel.<\/p>\n<p style=\"text-align: justify;\">ui, fast vergessen: der titel steht mittlerweile auch. bleibt aber noch geheim. ist ein vorschlag von rod. hab&#8216; ich sofort akzeptiert (weil&#8217;s ein guter vorschlag ist). jetzt k\u00f6nnte er doch auch das mit dem schutzumschlag akzeptieren (weil&#8217;s ein guter vorschlag ist), oder nicht, leute?<\/p>\n<p>&nbsp;<\/p>\n<p style=\"text-align: right;\"><iframe loading=\"lazy\" style=\"border: none; overflow: hidden; width: 90px; height: 22px;\" src=\"\/\/www.facebook.com\/plugins\/follow?href=https%3A%2F%2Fwww.facebook.com%2Fmichlmichlmichl&amp;layout=button_count&amp;show_faces=false&amp;colorscheme=light&amp;width=150&amp;height=20\" frameborder=\"0\" scrolling=\"no\" width=\"320\" height=\"240\"><\/iframe><script type=\"text\/javascript\">\/\/ <![CDATA[\n(function(d, s, id) {   var js, fjs = d.getElementsByTagName(s)[0];   if (d.getElementById(id)) return;   js = d.createElement(s); js.id = id;   js.src = \"\/\/connect.facebook.net\/de_DE\/all.js#xfbml=1\";   fjs.parentNode.insertBefore(js, fjs); }(document, 'script', 'facebook-jssdk'));\n\/\/ ]]><\/script><\/p>\n<div class=\"fb-like\" style=\"text-align: right;\" data-href=\"http:\/\/www.michlmichl.ch\" data-send=\"true\" data-layout=\"button_count\" data-width=\"150\" data-show-faces=\"true\">\u00a0<\/div>\n<p style=\"text-align: right;\">\u00a0<\/p>\n","protected":false},"excerpt":{"rendered":"<p>heute gibt&#8217;s keine gemotze, keine unf\u00e4lle, keine verbrechen. heute gibt&#8217;s news von gripstrips. ihr erinnert euch? GRIPSTRIPS ist das markenzeichen meiner buchreihe, die im herbst (genauer: september) ihren startschuss erlebt. den startschuss f\u00fcr die \u00f6ffentlichkeit, also ihr, liebe lesenden. der startschuss f\u00fcr uns, verleger rod, lektorin susanne, fotograf gerdi und mich hat schon l\u00e4ngst begonnen [&hellip;]<\/p>\n","protected":false},"author":1,"featured_media":0,"comment_status":"closed","ping_status":"closed","sticky":false,"template":"","format":"standard","meta":{"footnotes":""},"categories":[5],"tags":[],"class_list":["post-2779","post","type-post","status-publish","format-standard","hentry","category-motz"],"_links":{"self":[{"href":"https:\/\/www.michlmichl.ch\/index.php?rest_route=\/wp\/v2\/posts\/2779","targetHints":{"allow":["GET"]}}],"collection":[{"href":"https:\/\/www.michlmichl.ch\/index.php?rest_route=\/wp\/v2\/posts"}],"about":[{"href":"https:\/\/www.michlmichl.ch\/index.php?rest_route=\/wp\/v2\/types\/post"}],"author":[{"embeddable":true,"href":"https:\/\/www.michlmichl.ch\/index.php?rest_route=\/wp\/v2\/users\/1"}],"replies":[{"embeddable":true,"href":"https:\/\/www.michlmichl.ch\/index.php?rest_route=%2Fwp%2Fv2%2Fcomments&post=2779"}],"version-history":[{"count":7,"href":"https:\/\/www.michlmichl.ch\/index.php?rest_route=\/wp\/v2\/posts\/2779\/revisions"}],"predecessor-version":[{"id":2789,"href":"https:\/\/www.michlmichl.ch\/index.php?rest_route=\/wp\/v2\/posts\/2779\/revisions\/2789"}],"wp:attachment":[{"href":"https:\/\/www.michlmichl.ch\/index.php?rest_route=%2Fwp%2Fv2%2Fmedia&parent=2779"}],"wp:term":[{"taxonomy":"category","embeddable":true,"href":"https:\/\/www.michlmichl.ch\/index.php?rest_route=%2Fwp%2Fv2%2Fcategories&post=2779"},{"taxonomy":"post_tag","embeddable":true,"href":"https:\/\/www.michlmichl.ch\/index.php?rest_route=%2Fwp%2Fv2%2Ftags&post=2779"}],"curies":[{"name":"wp","href":"https:\/\/api.w.org\/{rel}","templated":true}]}}