{"id":3039,"date":"2014-09-02T19:33:07","date_gmt":"2014-09-02T17:33:07","guid":{"rendered":"http:\/\/www.michlmichl.ch\/?p=3039"},"modified":"2014-09-02T22:37:15","modified_gmt":"2014-09-02T20:37:15","slug":"schwere-lider","status":"publish","type":"post","link":"https:\/\/www.michlmichl.ch\/?p=3039","title":{"rendered":"schwere lider"},"content":{"rendered":"<p style=\"text-align: justify;\">dieser beitrag ist allen westafrikanischen menschen gewidmet, die vom ebola-virus betroffen sind, nicht wissend, wieviele tage, vielmehr wieviele stunden sie unter unglaublichen schmerzen noch leben, allen kindern, die noch nicht betroffen sind, und eines ihrer eltern oder beide verloren haben, waisen sind ohne aussicht auf irgendeine auch nur einigermassen freudvolle zukunft. er ist aber auch all den verfolgten in zentralafrika und kurdistan gewidmet, die noch nicht wissen, wo sie heute nacht schlafen werden, wo sie etwas essbares herbekommen, wie und wo sie ihre zahlreichen verletzungen und traumata behandeln k\u00f6nnen, nicht wissend, wo sie in zukunft leben, wo sie endlich frieden finden, wo und wann sie endlich nicht mehr verfolgt werden, nur weil sie gerade nicht der richtigen glaubensgemeinschaft angeh\u00f6ren. und nat\u00fcrlich ist er auch allen anderen verfolgten, hungernden und den leidenden, denen unsere pharmaindustrie noch nicht hat helfen wollen, gewidmet. halt all jenen, die am abend nicht wissen, ob sie am n\u00e4chsten morgen noch am leben sind.<\/p>\n<p style=\"text-align: justify;\">nun also der beitrag: gestern habe ich einen alten freund getroffen. er ist in der tat alt, 70 n\u00e4mlich so ungef\u00e4hr und er ist eitel, er f\u00e4rbt sich die haare. aber sonst ist er gesund und fit und kognitiv noch voll da. nun hat er ein zus\u00e4tzliches problem, er leidet n\u00e4mlich unter schweren augenlidern. nicht solchen, die mit z\u00fcndh\u00f6lzern gest\u00fctzt werden m\u00fcssen, was von langen Parties herr\u00fchrt, \u00fcberstunden oder einem regen sexleben. der mann ist ja siebzig und gefestigt, muss nicht mehr arbeiten und hat die feste des leben&#8217;s schon alle gefeiert.<\/p>\n<p style=\"text-align: justify;\">trotzdem wache er jeden morgen mit roten augen auf, erz\u00e4hlt er. genau gesagt, sind es nicht die augen, sondern alles drum herum, ober- und unterlider, die ger\u00f6tet sind. wenn er sich morgens im spiegel sehe, erschrecke er (und seine Frau) und ausserdem getraue er sich so nat\u00fcrlich nicht auf die strasse. f\u00fcr ihn war das ein grund f\u00fcr einen arztbesuch. der sagte, dass das davon komme, dass sich auf seinen augen w\u00e4hrend des tages, wie auf allen unseren augen auch, kleinste partikel ansammeln, schmutz, pollen, der ganze dreck des tages halt. weil er (der freund, nicht der arzt), als folge des alters, schwere augenlider habe, f\u00fchre das dazu, dass wegen der bewegung der augen w\u00e4hrend des schlaf&#8217;s (REM!) der dreck an den lidern reibe, und weil sie eben so schwer sind, werden ebendiese gereizt und sind am morgen rot.<\/p>\n<p style=\"text-align: justify;\">zur behebung des leidens hat ihm der arzt zu einer laserbehandlung geraten. man k\u00f6nne n\u00e4mlich lider mittels laser\u00a0leichter machen. und das beste daran sei, so mein alter freund, die krankenkasse w\u00fcrde es sogar bezahlen!<\/p>\n<p style=\"text-align: right;\"><iframe loading=\"lazy\" style=\"border: none; overflow: hidden; width: 90px; height: 22px;\" src=\"\/\/www.facebook.com\/plugins\/follow?href=https%3A%2F%2Fwww.facebook.com%2Fmichlmichlmichl&amp;layout=button_count&amp;show_faces=false&amp;colorscheme=light&amp;width=150&amp;height=20\" frameborder=\"0\" scrolling=\"no\" width=\"320\" height=\"240\"><\/iframe><script type=\"text\/javascript\">\/\/ <![CDATA[\n(function(d, s, id) {   var js, fjs = d.getElementsByTagName(s)[0];   if (d.getElementById(id)) return;   js = d.createElement(s); js.id = id;   js.src = \"\/\/connect.facebook.net\/de_DE\/all.js#xfbml=1\";   fjs.parentNode.insertBefore(js, fjs); }(document, 'script', 'facebook-jssdk'));\n\/\/ ]]><\/script><\/p>\n<div class=\"fb-like\" style=\"text-align: right;\" data-href=\"http:\/\/www.michlmichl.ch\" data-send=\"true\" data-layout=\"button_count\" data-width=\"150\" data-show-faces=\"true\">\u00a0<\/div>\n<p style=\"text-align: right;\">\u00a0<\/p>\n","protected":false},"excerpt":{"rendered":"<p>dieser beitrag ist allen westafrikanischen menschen gewidmet, die vom ebola-virus betroffen sind, nicht wissend, wieviele tage, vielmehr wieviele stunden sie unter unglaublichen schmerzen noch leben, allen kindern, die noch nicht betroffen sind, und eines ihrer eltern oder beide verloren haben, waisen sind ohne aussicht auf irgendeine auch nur einigermassen freudvolle zukunft. er ist aber auch [&hellip;]<\/p>\n","protected":false},"author":1,"featured_media":0,"comment_status":"closed","ping_status":"closed","sticky":false,"template":"","format":"standard","meta":{"footnotes":""},"categories":[5],"tags":[],"class_list":["post-3039","post","type-post","status-publish","format-standard","hentry","category-motz"],"_links":{"self":[{"href":"https:\/\/www.michlmichl.ch\/index.php?rest_route=\/wp\/v2\/posts\/3039","targetHints":{"allow":["GET"]}}],"collection":[{"href":"https:\/\/www.michlmichl.ch\/index.php?rest_route=\/wp\/v2\/posts"}],"about":[{"href":"https:\/\/www.michlmichl.ch\/index.php?rest_route=\/wp\/v2\/types\/post"}],"author":[{"embeddable":true,"href":"https:\/\/www.michlmichl.ch\/index.php?rest_route=\/wp\/v2\/users\/1"}],"replies":[{"embeddable":true,"href":"https:\/\/www.michlmichl.ch\/index.php?rest_route=%2Fwp%2Fv2%2Fcomments&post=3039"}],"version-history":[{"count":10,"href":"https:\/\/www.michlmichl.ch\/index.php?rest_route=\/wp\/v2\/posts\/3039\/revisions"}],"predecessor-version":[{"id":3051,"href":"https:\/\/www.michlmichl.ch\/index.php?rest_route=\/wp\/v2\/posts\/3039\/revisions\/3051"}],"wp:attachment":[{"href":"https:\/\/www.michlmichl.ch\/index.php?rest_route=%2Fwp%2Fv2%2Fmedia&parent=3039"}],"wp:term":[{"taxonomy":"category","embeddable":true,"href":"https:\/\/www.michlmichl.ch\/index.php?rest_route=%2Fwp%2Fv2%2Fcategories&post=3039"},{"taxonomy":"post_tag","embeddable":true,"href":"https:\/\/www.michlmichl.ch\/index.php?rest_route=%2Fwp%2Fv2%2Ftags&post=3039"}],"curies":[{"name":"wp","href":"https:\/\/api.w.org\/{rel}","templated":true}]}}