{"id":3057,"date":"2014-09-30T14:50:14","date_gmt":"2014-09-30T12:50:14","guid":{"rendered":"http:\/\/www.michlmichl.ch\/?p=3057"},"modified":"2014-09-30T17:40:06","modified_gmt":"2014-09-30T15:40:06","slug":"alte-fahrer","status":"publish","type":"post","link":"https:\/\/www.michlmichl.ch\/?p=3057","title":{"rendered":"t\u00f6dliche autofahrerInnen"},"content":{"rendered":"<p style=\"text-align: justify;\">neulich war ich wieder mal unterwegs. mit dem auto, was nicht oft vorkommt, ich bin ziemlich autoscheu. zuviel verkehr, zuviele beschr\u00e4nkungen, zuviele beschr\u00e4nkte unterwegs. die art der recherche (buschenschenkenkultur in nieder\u00f6sterreich; siehe &gt;&gt; <a href=\"http:\/\/michael.hug.huetzen.com\/blog-2\/\" target=\"_blank\">gripstrips<\/a>), setzte jedoch ein unabh\u00e4ngiges verkehrsmittel voraus. im zuge der reise legte dann der zeit- und routenplan die r\u00fcckfahrt im autozug von graz nach feldkirch nahe. was zwar nicht die reise an sich, jedoch die aktiv gefahrene strecke angenehm verk\u00fcrzte, da man dabei auch noch schlafen konnte, bzw. h\u00e4tte k\u00f6nnen, doch das ist ein anderes thema.<\/p>\n<p style=\"text-align: justify;\">nun ist so ein autozug eine knifflige sache. in \u00f6sterreich erst recht (womit ich nicht ausschliessen m\u00f6chte, dass es andernorts noch kniffliger sein k\u00f6nnte), weil man da in bezug auf beamtenmentalit\u00e4t noch sorgf\u00e4ltiger aber auch mit mehr desorientiertheit als in der schweiz vorgeht. knifflig ist es auch deshalb, weil man selbst im n\u00fcchternen zustand \u00fcber ein gutes gef\u00fchl f\u00fcr das auto und die dimensionen des spezialwaggons haben muss. f\u00fcr durchschnittliche lenker (und lenkerinnen) aber ist es zu schaffen. auch eine uralte dame aus vorarlberg schaffte es, ihren toyota irgendwie auf den zug zu man\u00f6vrieren. und sie schaffte es auch, trotz gehhilfe, mit hilfe mehrerer \u00d6BB-bediensteter auszusteigen, sich an r\u00fcckspiegeln vorbeizuzw\u00e4ngen und an geeigneter stelle auf den perron zu wechseln. nat\u00fcrlich beanspruchte das alles recht viel zeit. aber solche hat man ja im alter. ausserdem ist die verladezeit mit 40 minuten recht grossz\u00fcgig bemessen.<\/p>\n<p style=\"text-align: justify;\">theoretisch unendlich lang ist die entladezeit bei der ankunft am morgen. paraktisch kann man sich daf\u00fcr zeit lassen, bis der zug in die umgekehrte richtung wieder abf\u00e4hrt, was bei nachtz\u00fcgen \u00fcblicherweise der abend ist. die dame liess sich zeit, bzw. musste sich zeit lassen, da sie sich auf dem bahnhof erst orientieren (man verl\u00e4sst den zug ganz normal auf einem perron, worauf der zug mit den verladenen autos zur entladerampe rangiert wird, dieser umstand bzw. umweg wird einem in \u00f6sterreichischer und englischer sprache mit argem ungarischem o.\u00e4. akzent mitgeteilt) und die strecke (ca. 200 m) bis zum entladeterminal zu fuss (mit gehhilfe) zur\u00fccklegen musste, wo der rangierte zug l\u00e4ngst angekommen war, bzw. die besitzer der hinter ihr verladenen auto&#8217;s warteten. doch diesmal war da kein perron, sondern eine leiter, mittels derer der zug bestiegen werden musste (worauf man sich dann den auto&#8217;s entlang nach hinten schl\u00e4ngeln musste). dies traute sich die dame, bzw. trauten ihr alle herumstehenden, enerviert wartenden nicht zu. worauf sich die fahrerin des unmittelbar hinter ihr stehenden auto&#8217;s zur verf\u00fcgung stellte, ihr auto, also das der alten dame, aus dem zug zu fahren. noch einmal etliche minuten nahm dann die dankeszeremonie und das einsteigen sowie wegfahren der greisen auotmobilistin in anspruch.<\/p>\n<p style=\"text-align: justify;\">nichts gegen alte leute: sie haben viel erfahrung in fast allen wichtigen und noch mehr in weniger wichtigen dingen des lebens. mag auch gut sein, wenn sie diese erfahrungen teilen und\/oder verteidigen bis an und \u00fcber die grenzen der sturheit. mag auch sein, dass man ihnen g\u00f6nnen sollte, ihre belegten und\/oder dreist selbst geschaffenen rechte zu verteidigen. im tram, im caf\u00e9 oder im altersheim. oder auf der strasse.<\/p>\n<p style=\"text-align: justify;\">\u00a0<\/p>\n<blockquote>\n<p style=\"text-align: left;\"><span style=\"color: #333399;\"><em>AMRISWIL. Ein 78-j\u00e4hriger Autofahrer ist am Samstag in Amriswil in eine Hausfassade gefahren&#8230;.<\/em><\/span><\/p>\n<p style=\"text-align: left;\"><span style=\"color: #333399;\"><em>AARAU. Bei einem Verkehrsunfall auf der Autobahn A1 bei Brunegg AG ist am Dienstagnachmittag ein 79-j\u00e4hriger Autolenker ums Leben gekommen. Der Schweizer war auf der Fahrbahn in Richtung Z\u00fcrich mit einem Sattelmotorfahrzeug kollidiert&#8230;.<\/em><\/span><\/p>\n<p style=\"text-align: left;\"><span style=\"color: #333399;\"><em>WIL. Der 81-j\u00e4hrige Autofahrer war auf der Konstanzerstrasse unterwegs. Als er eine Velofahrerin \u00fcberholen wollte, streifte er diese mit dem Aussenspiegel, worauf die 34-j\u00e4hrige st\u00fcrzte. Sie schlitterte \u00fcber die Strasse und prallt gegen einen Lastwagen&#8230;.<\/em><\/span><\/p>\n<p style=\"text-align: left;\"><span style=\"color: #333399;\"><em>ST.GALLEN. Ein 86-j\u00e4hriger Autofahrer hat am Mittwochnachmittag einen Selbstunfall verursacht. Er prallte gegen zwei parkierte Autos, einen Lichtmasten und schliesslich gegen eine Sitzbank&#8230;.<\/em><\/span><\/p>\n<\/blockquote>\n<p style=\"text-align: justify;\">\u00a0<\/p>\n<p style=\"text-align: justify;\">man mag ihnen, den alten, ja nun wirklich einen entschleunigten und entspannten lebensabend mit zunehmender tendenz zur demenz g\u00f6nnen. sie haben ja so viel gekrampft in ihrem leben, diese armen teufel, sollen sie noch die welt gemniessen k\u00f6nnen. und klar, sie sollen so lange wie nur irgend m\u00f6glich, unabh\u00e4ngig agieren, wozu auch das reisen geh\u00f6rt, und die zweitunabh\u00e4ngigste art des reisen&#8217;s ist nun mal die mit dem auto. doch wenn sie beginnen, unsere umwelt zu verschandeln, unsere h\u00e4user zu zertr\u00fcmmern, uns in lebensgefahr zu bringen, uns gar t\u00f6ten, dann sollte ihnen ihr unabh\u00e4ngigkeitsdrang eingeschr\u00e4nkt werden. und zwar nicht vom doktor ihres vertrauens. sondern vom amtsarzt. ab 75 sowiso.<\/p>\n<p style=\"text-align: justify;\">\u00a0<\/p>\n<p style=\"text-align: right;\"><iframe loading=\"lazy\" style=\"border: none; overflow: hidden; width: 90px; height: 22px;\" src=\"\/\/www.facebook.com\/plugins\/follow?href=https%3A%2F%2Fwww.facebook.com%2Fmichlmichlmichl&amp;layout=button_count&amp;show_faces=false&amp;colorscheme=light&amp;width=150&amp;height=20\" frameborder=\"0\" scrolling=\"no\" width=\"320\" height=\"240\"><\/iframe><script type=\"text\/javascript\">\/\/ <![CDATA[\n(function(d, s, id) {   var js, fjs = d.getElementsByTagName(s)[0];   if (d.getElementById(id)) return;   js = d.createElement(s); js.id = id;   js.src = \"\/\/connect.facebook.net\/de_DE\/all.js#xfbml=1\";   fjs.parentNode.insertBefore(js, fjs); }(document, 'script', 'facebook-jssdk'));\n\/\/ ]]><\/script><\/p>\n<div class=\"fb-like\" style=\"text-align: right;\" data-href=\"http:\/\/www.michlmichl.ch\" data-send=\"true\" data-layout=\"button_count\" data-width=\"150\" data-show-faces=\"true\">\u00a0<\/div>\n<p style=\"text-align: right;\">\u00a0<\/p>\n","protected":false},"excerpt":{"rendered":"<p>neulich war ich wieder mal unterwegs. mit dem auto, was nicht oft vorkommt, ich bin ziemlich autoscheu. zuviel verkehr, zuviele beschr\u00e4nkungen, zuviele beschr\u00e4nkte unterwegs. die art der recherche (buschenschenkenkultur in nieder\u00f6sterreich; siehe &gt;&gt; gripstrips), setzte jedoch ein unabh\u00e4ngiges verkehrsmittel voraus. im zuge der reise legte dann der zeit- und routenplan die r\u00fcckfahrt im autozug von [&hellip;]<\/p>\n","protected":false},"author":1,"featured_media":0,"comment_status":"closed","ping_status":"closed","sticky":false,"template":"","format":"standard","meta":{"footnotes":""},"categories":[5],"tags":[36,35,41,39,37,38,40],"class_list":["post-3057","post","type-post","status-publish","format-standard","hentry","category-motz","tag-alte-autofahrer","tag-alte-fahrer","tag-autofahren-im-alter","tag-autozug","tag-feldkirch","tag-graz","tag-nachtzug"],"_links":{"self":[{"href":"https:\/\/www.michlmichl.ch\/index.php?rest_route=\/wp\/v2\/posts\/3057","targetHints":{"allow":["GET"]}}],"collection":[{"href":"https:\/\/www.michlmichl.ch\/index.php?rest_route=\/wp\/v2\/posts"}],"about":[{"href":"https:\/\/www.michlmichl.ch\/index.php?rest_route=\/wp\/v2\/types\/post"}],"author":[{"embeddable":true,"href":"https:\/\/www.michlmichl.ch\/index.php?rest_route=\/wp\/v2\/users\/1"}],"replies":[{"embeddable":true,"href":"https:\/\/www.michlmichl.ch\/index.php?rest_route=%2Fwp%2Fv2%2Fcomments&post=3057"}],"version-history":[{"count":30,"href":"https:\/\/www.michlmichl.ch\/index.php?rest_route=\/wp\/v2\/posts\/3057\/revisions"}],"predecessor-version":[{"id":3151,"href":"https:\/\/www.michlmichl.ch\/index.php?rest_route=\/wp\/v2\/posts\/3057\/revisions\/3151"}],"wp:attachment":[{"href":"https:\/\/www.michlmichl.ch\/index.php?rest_route=%2Fwp%2Fv2%2Fmedia&parent=3057"}],"wp:term":[{"taxonomy":"category","embeddable":true,"href":"https:\/\/www.michlmichl.ch\/index.php?rest_route=%2Fwp%2Fv2%2Fcategories&post=3057"},{"taxonomy":"post_tag","embeddable":true,"href":"https:\/\/www.michlmichl.ch\/index.php?rest_route=%2Fwp%2Fv2%2Ftags&post=3057"}],"curies":[{"name":"wp","href":"https:\/\/api.w.org\/{rel}","templated":true}]}}