{"id":3648,"date":"2015-05-06T15:02:16","date_gmt":"2015-05-06T13:02:16","guid":{"rendered":"http:\/\/www.michlmichl.ch\/?p=3648"},"modified":"2015-05-06T15:30:42","modified_gmt":"2015-05-06T13:30:42","slug":"prokrastination","status":"publish","type":"post","link":"https:\/\/www.michlmichl.ch\/?p=3648","title":{"rendered":"Prokrastination"},"content":{"rendered":"<p style=\"text-align: justify;\">Ich wollte schon immer etwas \u00fcber Prokrastination schreiben. Der Begriff ist ja zurzeit grad recht hipp in unserer Branche. Beim Volk hat er sich noch nicht durchgesetzt, wird er wohl auch nicht. Zuviele \u00abr\u00bb drin. Leicht ist eines an der falschen Stelle gesetzt und man liest ganz was anderes. Doch es gibt Journalisten, die verwenden gerne, manchmal zu gerne, Fremdw\u00f6rter, zuweilen und mit Vorliebe solche, \u00fcber die bis dahin keiner geredet hat, bzw. geschrieben. Prokrastination ist so ein Wort. Und gleichzeitig ist es auch ein Leiden. Und ja, liebe Damen, nicht nur M\u00e4nner leiden darunter!<\/p>\n<p style=\"text-align: justify;\">Wenn Frauen unter Prokrastination leiden, v.a. verheiratete oder sonstwie lieerte Frauen, dann ist das verheerend. Wenn M\u00e4nner, v.a. verheiratete oder sonstwie lieerte oder solche mit F\u00fchrungsaufgaben, darunter leiden, dann ist das nicht allzu gravierend, denn sie haben ja Gattinnen oder Lebensabschnittspartnerinnen oder Sekret\u00e4rinnen (manchmal ist alles dasselbe), die f\u00fcr sie sorgen. Bei Singlem\u00e4nnern ist es etwas diffiziler. Ich bin so einer, ich single und leide unter Prokrastination. Ich habe keine Stellvertretung, die meine Arbeit macht. Leider. Drum: Prokrastination ist ein Leiden. Jedenfalls seit der Begriff wieder in Mode gekommen ist. Fr\u00fcher, also nicht sehr viel fr\u00fcher, hat darunter wohl niemand so richtig gelitten, ganz einfach darum, weil man den Begriff nicht kannte. Wo kein Name daf\u00fcr, da auch keine Krankheit. Jetzt aber besteht eine Chance auf medizinische Anerkennung (Siehe dazu auch meinen Blog \u00ab<a href=\"http:\/\/www.michlmichl.ch\/?p=460\" target=\"_blank\">BED<\/a>\u00bb \u00fcber neu erfundene Krankheiten).<\/p>\n<p style=\"text-align: justify;\">Nun mal ehrlich: So richtig leiden tut man unter Prokrastination nicht. Manchmal ist es sogar so, dass man sich viel Arbeit oder \u00c4rger erspart, wenn man so richtig lustvoll prokrastiniert. Nur: man muss es bewusst machen! Also richtig leiden! Und man muss es allen erz\u00e4hlen! Nat\u00fcrlich nicht mit dem alles erkl\u00e4renden Begriff daf\u00fcr. Denn den versteht ja keiner. Wenn ich also mitten in der Woche mitten an einem Nachmittag mitten am Stammtisch sitze und mit drei pensionierten Landwirten einen Pandur jasse bis uns allen die Finger abfallen, dann sage ich nicht, sofern ich darauf angesprochen werde: \u00abIch prokrastiniere gerade!\u00bb (\u00abIch jasse gerade\u00bb trifft die Wahrheit eben nur halbseitig, denn Jassen ist in diesem Fall Ersatzbesch\u00e4ftigung, bzw. -befriedigung (\u00abIch jasse gerade\u00bb w\u00e4re zwar ganz wahr, aber eine respektlose Antwort, weil sie den\/die Fragende\/n f\u00fcr doof hinstellt)).<\/p>\n<p style=\"text-align: justify;\">Damit will ich nicht behaupten, dass Prokrastinieren der lateinische Begriff f\u00fcr Jassen ist. Vielmehr kann Prokrastinieren f\u00fcr viele T\u00e4tigkeiten stehen. Nur f\u00fcr eine nicht: Tun. Prokrastinieren heisst n\u00e4mlich Aufschieben.\u00a0Prokrastinieren ist das bare Gegenteil von Erledigen. Der Duden spricht von Verschleppung, Vertagung, Verz\u00f6gerung, Retardation und Prorogation. Wiki nennt dazu den Begriff \u00abErledigung<strong>s<\/strong>blockade\u00bb. Ganz viele \u00fcble W\u00f6rter also f\u00fcr ein gesellschaftlich (noch) nicht anerkanntes Leiden!. Prokrastination kommt vom lateinischen \u00abprocrastinatio\u00bb (Vertagung). \u00abpro\u00bb steht f\u00fcr \u00abf\u00fcr\u00bb und \u00abcras\u00bb f\u00fcr \u00abmorgen\u00bb. Prokrastination kann man also auch so erkl\u00e4ren: Was du heute kannst besorgen, das verschieb&#8216; getrost auf morgen.<\/p>\n<p style=\"text-align: justify;\">P.S.1: Es gibt jedoch Ausnahmen zu den oben erw\u00e4hnten Vertretern meiner Branche. Der BLICK, bzw. die Leute dort, kennt, bzw. verwendet den Begriff Prokrastination nie. Das ist auch logisch. Denn Prokrastination ist geradezu die Entgegnung zu dem was der BLICK macht, n\u00e4mlich Fakten wahr, die es noch gar nicht gibt (oder nie geben wird). Der BLICK schiebt die Dinge nicht auf. Er ist allermeistens schon da wenn etwas passiert. Ich erinnere mich an einen Spruch aus meiner Jugend: \u00abBLICK war dabei: Eine Leiche kam um die Ecke und verreckte.\u00bb<\/p>\n<p style=\"text-align: justify;\">P.S.2: Jetzt, wo ich diesen Blog schreibe, \u00fcbrigens, prokrastiniere ich gerade lustvoll. Denn damit bleibt Anderes, eigentlich dringender zu Schreibendes, liegen. Und die W\u00e4sche kann ich ja auch noch sp\u00e4ter aus dem Tumbler holen. Und Vuelo kann ja noch ein bisschen warten mit seiner Blasenentleerung. Und die Gewerbler mit ihrer Hauptversammlung k\u00f6nnen ja auch ohne mich anfangen. Und vielleicht gehe ich ja noch hurtig einen Pandur jassen?<\/p>\n","protected":false},"excerpt":{"rendered":"<p>Ich wollte schon immer etwas \u00fcber Prokrastination schreiben. Der Begriff ist ja zurzeit grad recht hipp in unserer Branche. Beim Volk hat er sich noch nicht durchgesetzt, wird er wohl auch nicht. Zuviele \u00abr\u00bb drin. Leicht ist eines an der falschen Stelle gesetzt und man liest ganz was anderes. Doch es gibt Journalisten, die verwenden [&hellip;]<\/p>\n","protected":false},"author":1,"featured_media":0,"comment_status":"closed","ping_status":"closed","sticky":false,"template":"","format":"standard","meta":{"footnotes":""},"categories":[5],"tags":[152],"class_list":["post-3648","post","type-post","status-publish","format-standard","hentry","category-motz","tag-prokrastination"],"_links":{"self":[{"href":"https:\/\/www.michlmichl.ch\/index.php?rest_route=\/wp\/v2\/posts\/3648","targetHints":{"allow":["GET"]}}],"collection":[{"href":"https:\/\/www.michlmichl.ch\/index.php?rest_route=\/wp\/v2\/posts"}],"about":[{"href":"https:\/\/www.michlmichl.ch\/index.php?rest_route=\/wp\/v2\/types\/post"}],"author":[{"embeddable":true,"href":"https:\/\/www.michlmichl.ch\/index.php?rest_route=\/wp\/v2\/users\/1"}],"replies":[{"embeddable":true,"href":"https:\/\/www.michlmichl.ch\/index.php?rest_route=%2Fwp%2Fv2%2Fcomments&post=3648"}],"version-history":[{"count":22,"href":"https:\/\/www.michlmichl.ch\/index.php?rest_route=\/wp\/v2\/posts\/3648\/revisions"}],"predecessor-version":[{"id":3671,"href":"https:\/\/www.michlmichl.ch\/index.php?rest_route=\/wp\/v2\/posts\/3648\/revisions\/3671"}],"wp:attachment":[{"href":"https:\/\/www.michlmichl.ch\/index.php?rest_route=%2Fwp%2Fv2%2Fmedia&parent=3648"}],"wp:term":[{"taxonomy":"category","embeddable":true,"href":"https:\/\/www.michlmichl.ch\/index.php?rest_route=%2Fwp%2Fv2%2Fcategories&post=3648"},{"taxonomy":"post_tag","embeddable":true,"href":"https:\/\/www.michlmichl.ch\/index.php?rest_route=%2Fwp%2Fv2%2Ftags&post=3648"}],"curies":[{"name":"wp","href":"https:\/\/api.w.org\/{rel}","templated":true}]}}