{"id":382,"date":"2013-03-21T11:12:14","date_gmt":"2013-03-21T09:12:14","guid":{"rendered":"http:\/\/www.michlmichl.ch\/?p=382"},"modified":"2013-10-30T17:24:43","modified_gmt":"2013-10-30T15:24:43","slug":"verfugen-uber-nichts","status":"publish","type":"post","link":"https:\/\/www.michlmichl.ch\/?p=382","title":{"rendered":"phantomschmerz"},"content":{"rendered":"<p>\u00abWir verf\u00fcgen \u00fcber keine Parkpl\u00e4tze\u00bb, schreibt da eine beiz auf ihrer website. ich denke nach: die verf\u00fcgen zwar \u00fcber etwas, aber dieses etwas ist nichts. \u00abWir verf\u00fcgen \u00fcber nichts\u00bb. man ist also mehr oder weniger stets mit etwas besch\u00e4ftigt, n\u00e4mlich mit verf\u00fcgen, aber eigentlich gibt es nichts zu tun. man verf\u00fcgt \u00fcber die leere. man tut eigentlich nichts, aber es sieht besch\u00e4ftigt aus.<\/p>\n<p>an anderer stelle lese ich: \u00abDer Mann verf\u00fcgt m\u00f6glicherweise \u00fcber ein amputiertes Bein.\u00bb der verfasser, die verfasserin dieser zeile stellt sich gleich zwei mal ein bein. erstens, weil man nicht \u00fcber ein nicht vorhandenes bein verf\u00fcgen kann (s.oben). zweitens, weil verf\u00fcgen eine absolute t\u00e4tigkeit ist, die man nicht nur m\u00f6glicherweise tun kann. entweder der mann verf\u00fcgt oder er verf\u00fcgt eben nicht. es sei denn, das \u00abm\u00f6glicherweise\u00bb bezieht sich auf das nicht vorhandene bein. dann ist die geschichte aber ziemlich schlecht recherchiert.<\/p>\n<p>ist es m\u00f6glich, \u00fcber nichts verf\u00fcgen? philosophisch betrachtet ist das sehr gut m\u00f6glich. denn selbst nichts ist nicht nichts, sondern etwas. nichts ist unm\u00f6glich. materiell ist das verf\u00fcgen \u00fcber nichts unm\u00f6glich. man kann nicht \u00fcber unvorhandene parkpl\u00e4tze verf\u00fcgen oder fehlende beine (wobei, abgesehen davon, amputierte glieder sehr wohl schmerzen verursachen k\u00f6nnen, s. wikipedia &gt;&gt; Phantomschmerz). man kann nicht \u00fcber etwas verf\u00fcgen, das man gar nicht hat. nur spekulanten k\u00f6nnen das. sie verf\u00fcgen \u00fcber geld, das sie nicht haben. bei ihnen stimmt die behauptung: \u00abWir verf\u00fcgen \u00fcber keine echten Werte.\u00bb<\/p>\n","protected":false},"excerpt":{"rendered":"<p>\u00abWir verf\u00fcgen \u00fcber keine Parkpl\u00e4tze\u00bb, schreibt da eine beiz auf ihrer website. ich denke nach: die verf\u00fcgen zwar \u00fcber etwas, aber dieses etwas ist nichts. \u00abWir verf\u00fcgen \u00fcber nichts\u00bb. man ist also mehr oder weniger stets mit etwas besch\u00e4ftigt, n\u00e4mlich mit verf\u00fcgen, aber eigentlich gibt es nichts zu tun. man verf\u00fcgt \u00fcber die leere. man [&hellip;]<\/p>\n","protected":false},"author":1,"featured_media":0,"comment_status":"closed","ping_status":"closed","sticky":false,"template":"","format":"standard","meta":{"footnotes":""},"categories":[5],"tags":[],"class_list":["post-382","post","type-post","status-publish","format-standard","hentry","category-motz"],"_links":{"self":[{"href":"https:\/\/www.michlmichl.ch\/index.php?rest_route=\/wp\/v2\/posts\/382","targetHints":{"allow":["GET"]}}],"collection":[{"href":"https:\/\/www.michlmichl.ch\/index.php?rest_route=\/wp\/v2\/posts"}],"about":[{"href":"https:\/\/www.michlmichl.ch\/index.php?rest_route=\/wp\/v2\/types\/post"}],"author":[{"embeddable":true,"href":"https:\/\/www.michlmichl.ch\/index.php?rest_route=\/wp\/v2\/users\/1"}],"replies":[{"embeddable":true,"href":"https:\/\/www.michlmichl.ch\/index.php?rest_route=%2Fwp%2Fv2%2Fcomments&post=382"}],"version-history":[{"count":11,"href":"https:\/\/www.michlmichl.ch\/index.php?rest_route=\/wp\/v2\/posts\/382\/revisions"}],"predecessor-version":[{"id":776,"href":"https:\/\/www.michlmichl.ch\/index.php?rest_route=\/wp\/v2\/posts\/382\/revisions\/776"}],"wp:attachment":[{"href":"https:\/\/www.michlmichl.ch\/index.php?rest_route=%2Fwp%2Fv2%2Fmedia&parent=382"}],"wp:term":[{"taxonomy":"category","embeddable":true,"href":"https:\/\/www.michlmichl.ch\/index.php?rest_route=%2Fwp%2Fv2%2Fcategories&post=382"},{"taxonomy":"post_tag","embeddable":true,"href":"https:\/\/www.michlmichl.ch\/index.php?rest_route=%2Fwp%2Fv2%2Ftags&post=382"}],"curies":[{"name":"wp","href":"https:\/\/api.w.org\/{rel}","templated":true}]}}