{"id":4029,"date":"2016-04-21T22:06:13","date_gmt":"2016-04-21T20:06:13","guid":{"rendered":"http:\/\/www.michlmichl.ch\/?p=4029"},"modified":"2016-04-21T22:15:06","modified_gmt":"2016-04-21T20:15:06","slug":"uvulaodem-2","status":"publish","type":"post","link":"https:\/\/www.michlmichl.ch\/?p=4029","title":{"rendered":"uvula\u00f6dem 2"},"content":{"rendered":"<p style=\"text-align: justify;\">Heute morgen bin ich mit einem Uvula\u00f6dem aufgewacht. nicht zum ersten Mal, die Sache beginnt sich n\u00e4mlich zu h\u00e4ufen. In letzter Zeit, ich meine in den letzten Monaten, ist das jetzt ab und an mal vorgekommen. Besonders wenn ich am Abend davor ziemlich viel, ich meine ziemlich sehr viel, ich meine ziemlich sehr viel Alkohol, getrunken habe. Erst dachte ich, es sei das kalte Bier, das ich so mag, und erinnerte mich an einen, den ich vor zirka 23 Jahren kannte, der sein Bier immer temperieren liess. Er sagte damals, er m\u00f6chte es mir nicht w\u00fcnschen, seine Probleme mit kaltem Bier zu haben. Ich hatte damals nat\u00fcrlich keine Ahnung was er meinte, denn ich kannte ja die Seri\u00f6sit\u00e4t seiner Probleme nicht. Heute morgen dachte ich, ich h\u00e4tte eine Ahnung.<\/p>\n<p style=\"text-align: justify;\">Doch vom kalten Bier kommt das Uvula\u00f6dem nicht, soviel ist jetzt klar. Ich habe n\u00e4mlich gestern nicht sehr viel Bier getrunken. Der gr\u00f6ssere Teil des gestern in gr\u00f6sserer Menge Getrunkenen war roter Wein, und der war nicht kalt, sondern gerade recht. Heute morgen, als ich mit dem Uvula\u00f6dem im Mund aufgewacht bin, habe ich dann also \u00fcberlegt und im Zuge dieser \u00dcberlegungen bin ich zum Schluss gekommen, dass das Problem nicht von kalten Getr\u00e4nken hervorgerufen worden sein kann.<\/p>\n<p style=\"text-align: justify;\">Ich habe recherchiert und musste feststellen, dass alle nicht-, halb und vollprofessionellen Medizinalratgeber im Internet auf die selbe Ursache beim Uvula\u00f6dem hinweisen: Schnarchen! Beim Schnarchen werde n\u00e4mlich das Uvula derart hin- und hergeschleudert, dass es anschwillt und eben dieses \u00d6dem ausbilde. Keine grosse Sache, sagen die Ratgeber, halt einfach bisschen l\u00e4stig, im Laufe des Tages bilde sich das \u00d6dem zur\u00fcck und gut ist.<\/p>\n<p style=\"text-align: justify;\">Daraufhin bin ich ziemlich erschrocken. Bis vor kurzem bin ich stets davon ausgegangen, dass ich nicht schnarche. Entsprechende Feedback&#8217;s von mit mir den gemeinsamen bei- und\/oder schlaf verbringender oder verbracht habender Personinnen deuteten immer auf einen lautlosen Schlaf meinerseits hin. Doch in letzter Zeit mehrten sich &#8211; in frappanter Synchronizit\u00e4t mit dem Auftauchen des Uvula\u00f6dem&#8217;s &#8211; die Anzeichen von bestimmten Perioden ausgiebigen Schnarchen&#8217;s, v.a. nach Zeiten exzessiven Alkoholkonsum&#8217;s.<\/p>\n<p style=\"text-align: justify;\">Nun bin ich nur einigermassen beruhigt. Mein Uvula ist von keiner \u00fcblen Seuche befallen worden. Doch die Aussicht, k\u00fcnftig nach jedem Gelage mit einem geschwollenen ebensolchen aufzuwachen, entspannt mich nicht wirklich. Ich habe, wie so oft in meinem Leben, mal wieder die Wahl: mich fernhalten von Saufgelagen oder mich danach abfinden mit einem tempor\u00e4ren Uvula\u00f6dem. Einem geschwollenen Halsz\u00e4pfchen.<\/p>\n","protected":false},"excerpt":{"rendered":"<p>Heute morgen bin ich mit einem Uvula\u00f6dem aufgewacht. nicht zum ersten Mal, die Sache beginnt sich n\u00e4mlich zu h\u00e4ufen. In letzter Zeit, ich meine in den letzten Monaten, ist das jetzt ab und an mal vorgekommen. Besonders wenn ich am Abend davor ziemlich viel, ich meine ziemlich sehr viel, ich meine ziemlich sehr viel Alkohol, [&hellip;]<\/p>\n","protected":false},"author":1,"featured_media":0,"comment_status":"closed","ping_status":"closed","sticky":false,"template":"","format":"standard","meta":{"footnotes":""},"categories":[5],"tags":[],"class_list":["post-4029","post","type-post","status-publish","format-standard","hentry","category-motz"],"_links":{"self":[{"href":"https:\/\/www.michlmichl.ch\/index.php?rest_route=\/wp\/v2\/posts\/4029","targetHints":{"allow":["GET"]}}],"collection":[{"href":"https:\/\/www.michlmichl.ch\/index.php?rest_route=\/wp\/v2\/posts"}],"about":[{"href":"https:\/\/www.michlmichl.ch\/index.php?rest_route=\/wp\/v2\/types\/post"}],"author":[{"embeddable":true,"href":"https:\/\/www.michlmichl.ch\/index.php?rest_route=\/wp\/v2\/users\/1"}],"replies":[{"embeddable":true,"href":"https:\/\/www.michlmichl.ch\/index.php?rest_route=%2Fwp%2Fv2%2Fcomments&post=4029"}],"version-history":[{"count":3,"href":"https:\/\/www.michlmichl.ch\/index.php?rest_route=\/wp\/v2\/posts\/4029\/revisions"}],"predecessor-version":[{"id":4032,"href":"https:\/\/www.michlmichl.ch\/index.php?rest_route=\/wp\/v2\/posts\/4029\/revisions\/4032"}],"wp:attachment":[{"href":"https:\/\/www.michlmichl.ch\/index.php?rest_route=%2Fwp%2Fv2%2Fmedia&parent=4029"}],"wp:term":[{"taxonomy":"category","embeddable":true,"href":"https:\/\/www.michlmichl.ch\/index.php?rest_route=%2Fwp%2Fv2%2Fcategories&post=4029"},{"taxonomy":"post_tag","embeddable":true,"href":"https:\/\/www.michlmichl.ch\/index.php?rest_route=%2Fwp%2Fv2%2Ftags&post=4029"}],"curies":[{"name":"wp","href":"https:\/\/api.w.org\/{rel}","templated":true}]}}