{"id":4484,"date":"2020-10-14T10:33:42","date_gmt":"2020-10-14T08:33:42","guid":{"rendered":"http:\/\/www.michlmichl.ch\/?p=4484"},"modified":"2020-10-14T10:34:00","modified_gmt":"2020-10-14T08:34:00","slug":"deutsch-deutlich","status":"publish","type":"post","link":"https:\/\/www.michlmichl.ch\/?p=4484","title":{"rendered":"Deutsch &#038; deutlich"},"content":{"rendered":"\n<h4 class=\"wp-block-heading\">MICHAEL HUG<\/h4>\n\n\n\n<p>Es gibt doch die, die sich f\u00fcr dermassen wichtig halten, dass sie ihrer Aussage\/Behauptung\/Mist das W\u00f6rtchen \u00abdeutlich\u00bb dazwischenquetschen. \u00ab\u00c4s isch d\u00fcttlich s\u00fcberer worde im Huus!\u00bb meint unser Hauswart selbstbelobigend (na ja). \u00abWir haben deutlich mehr erreicht\u2026!\u00bb meint der rechte Politiker z&#8217;Bern oben ebenso selbstbelobigend (dies obwohl rechte PolitikerInnen eigentlich nie etwas erreichen). \u00abWir haben deutlich gesiegt!\u00bb sagt der Trainer im gebrochenen Deutsch am TV, auch selbstbelobigend, aber wenigstens hat er manchmal recht. Und auch das wird deutlich behauptet: \u00abDie Zahl der VegetarierInnen hat deutlich zugenommen!\u00bb Dass die Weltbev\u00f6lkerung auch zugenommen hat, wird in aller Deutlichkeit verschwiegen. So wie auch die Zahl der hornlosen K\u00fche, die Zahl der Business Coaches, die Zahl der schlechten Neuigkeiten &#8211; alles hat deutlich zugenommen.<\/p>\n\n\n\n<p>Deutlich, alles ist deutlich, alles liegt deutlich vor einem oder zeichnet sich deutlich ab oder ist einfach deutlich so. Dabei ist doch \u00fcberhaupt nichts deutlich heutzutags (ausser die Klimaver\u00e4nderung). Deutlich wollen sie sprechen, die PolitikerInnen, und verdrehen doch alles. Deutlich will sich die Kassenfrau in der Migros ausdr\u00fccken und nuschelt doch nur \u00abzweiundzwanzigf\u00fcnfundsechsig\u00bb in ihr orangebraunes \u00dcbergw\u00e4ndli. Deutlich solle man sich ausdr\u00fccken, sagte der Lehrer\/die Lehrerin damals in der Primarschule, als man gerade mal angefangen hatte, sich in Hochdeutsch auszudr\u00fccken versuchen zu m\u00fcssen, dabei verstand man, als Kind, nicht mal alle Dialektausdr\u00fccke der n\u00e4heren geografischen Umgebung. Und heute? Deutlich mehr Sonnentage hatte dieser Sommer. Wiewahr! Deutlich mehr SUV&#8217;s verkehren in den St\u00e4dten seit 1999. Auch wahr (aber subjektiv). Deutlich k\u00fcrzer sind die Gletscher geworden. Ebenso wahr, bzw. wir glauben, dass es wahr ist, weil uns st\u00e4ndig Bilder von deutlich k\u00fcrzeren Gletschern gezeigt werden, sehen tun es ja die wenigsten von uns. Deutlich mehr Wespen\/Zecken\/Grasfl\u00f6he habe man von Juni bis August festgestellt (subjektiv, ausserdem standortabh\u00e4ngig). Deutlich weniger Asylantr\u00e4ge seien 2017 eingereicht worden (als wann?). Wo liegt eigentlich die Grenze zwischen weniger Asylantr\u00e4gen und deutlich weniger Asylantr\u00e4gen? Und dann die deutlichen Wahl-\/Abstimmungsresultate. Mit deutlicher Mehrheit ist irgendwas angenommen worden. Deutlich? 55 Prozent ist 5 Prozent mehr als die H\u00e4lfte &#8211; ist das deutlich?<\/p>\n\n\n\n<p>Deutlich lehnt sich \u00abdeutlich\u00bb gegen das Undeutliche dieser Zeit auf. Es ist eben nichts mehr deutlich, der Mensch will sich mit der Floskel \u00abdeutlich\u00bb deutlich von allem Undeutlichen abheben, er will damit auch irgendwie recht haben ohne laut zu werden. \u00abDeutlich\u00bb t\u00f6nt \u00fcberzeugend, dagegen kann man doch fast nichts mehr entgegnen, \u00abdeutlich\u00bb l\u00e4sst die Gegner verstummen, was wiederum an Deutlichkeit nichts zu w\u00fcnschen \u00fcbrig l\u00e4sst. Mit \u00abdeutlich\u00bb m\u00f6chte ich ausdr\u00fccken, dass ich recht habe, und ihr mir glauben m\u00fcsst, auch wenn ich eventuell selbst gar nicht so richtig \u00fcberzeugt bin von dem Quatsch, den ich von mir gebe. Mit \u00abdeutlich\u00bb mache ich klar, dass es so ist, und zwar deutlich.<\/p>\n\n\n\n<p><\/p>\n","protected":false},"excerpt":{"rendered":"<p>MICHAEL HUG Es gibt doch die, die sich f\u00fcr dermassen wichtig halten, dass sie ihrer Aussage\/Behauptung\/Mist das W\u00f6rtchen \u00abdeutlich\u00bb dazwischenquetschen. \u00ab\u00c4s isch d\u00fcttlich s\u00fcberer worde im Huus!\u00bb meint unser Hauswart selbstbelobigend (na ja). \u00abWir haben deutlich mehr erreicht\u2026!\u00bb meint der rechte Politiker z&#8217;Bern oben ebenso selbstbelobigend (dies obwohl rechte PolitikerInnen eigentlich nie etwas erreichen). \u00abWir [&hellip;]<\/p>\n","protected":false},"author":1,"featured_media":0,"comment_status":"closed","ping_status":"closed","sticky":false,"template":"","format":"standard","meta":{"footnotes":""},"categories":[160],"tags":[],"class_list":["post-4484","post","type-post","status-publish","format-standard","hentry","category-nebi"],"_links":{"self":[{"href":"https:\/\/www.michlmichl.ch\/index.php?rest_route=\/wp\/v2\/posts\/4484","targetHints":{"allow":["GET"]}}],"collection":[{"href":"https:\/\/www.michlmichl.ch\/index.php?rest_route=\/wp\/v2\/posts"}],"about":[{"href":"https:\/\/www.michlmichl.ch\/index.php?rest_route=\/wp\/v2\/types\/post"}],"author":[{"embeddable":true,"href":"https:\/\/www.michlmichl.ch\/index.php?rest_route=\/wp\/v2\/users\/1"}],"replies":[{"embeddable":true,"href":"https:\/\/www.michlmichl.ch\/index.php?rest_route=%2Fwp%2Fv2%2Fcomments&post=4484"}],"version-history":[{"count":2,"href":"https:\/\/www.michlmichl.ch\/index.php?rest_route=\/wp\/v2\/posts\/4484\/revisions"}],"predecessor-version":[{"id":4486,"href":"https:\/\/www.michlmichl.ch\/index.php?rest_route=\/wp\/v2\/posts\/4484\/revisions\/4486"}],"wp:attachment":[{"href":"https:\/\/www.michlmichl.ch\/index.php?rest_route=%2Fwp%2Fv2%2Fmedia&parent=4484"}],"wp:term":[{"taxonomy":"category","embeddable":true,"href":"https:\/\/www.michlmichl.ch\/index.php?rest_route=%2Fwp%2Fv2%2Fcategories&post=4484"},{"taxonomy":"post_tag","embeddable":true,"href":"https:\/\/www.michlmichl.ch\/index.php?rest_route=%2Fwp%2Fv2%2Ftags&post=4484"}],"curies":[{"name":"wp","href":"https:\/\/api.w.org\/{rel}","templated":true}]}}