{"id":655,"date":"2013-10-08T18:49:32","date_gmt":"2013-10-08T16:49:32","guid":{"rendered":"http:\/\/www.michlmichl.ch\/?p=655"},"modified":"2013-10-30T17:14:00","modified_gmt":"2013-10-30T15:14:00","slug":"luftkampf","status":"publish","type":"post","link":"https:\/\/www.michlmichl.ch\/?p=655","title":{"rendered":"rosenb\u00f6den"},"content":{"rendered":"<p>dann, so hundert meter vor dem gipfel, geht die sonne auf. geil, sage ich, nein, denke ich. sofort begeb&#8216; ich mich in die beiz, der erste gast des tages, die serviertochter, deutschland, wuselt noch in einer ecke. sie ist unerwartet freundlich und bringt einen kaffee und ein gipfeli. ich versuche, von jetzt an den tag zu geniessen, trete hinaus an die sonne und denke: wo sind all die leute hin, die mit mir in der seilbahnkabine waren?<\/p>\n<p>weg sind sie, runter zu den rosenb\u00f6den (unerkl\u00e4rlich, warum die so heissen, hier sind ziemlich sicher noch nie rosen gewachsen (die rosenb\u00f6den befinden sich auf 2262 m.\u00fc.m und ausserdem gibt es keinen pferdemist)), ist mir auch recht, ich geh&#8216; in die andere richtung, runter zum sattel am gamserrugg. ein kurzes vergn\u00fcgen, denn bald wird mich der nebel wiederhaben. aber ein bemerkenswertes vergn\u00fcgen. die stille ist schier greifbar, ich h\u00f6re nur mich selbst und ein paar alarmschlagende dohlen, dazu die sonne, die alles w\u00e4rmt und erhellt, auch das was darunter ist. erst kommt in mir ein sehr gutes gef\u00fchl auf, unerkl\u00e4rlich, unbeschreibbar, es w\u00fcrgt ein bitzli im hals, wie immer, wenn mich das gl\u00fcck schier erschl\u00e4gt (was selten genug vorkommt, seien wir doch ehrlich).<\/p>\n<p>dann der \u00e4rger. unerkl\u00e4rlich. er kommt aus der tiefe (in mir, nicht aus dem tal tenk), eben erst war da noch gl\u00fcck, jetzt diese elendscheissmistassholestimmung. sonne, stille, einsamkeit, perfekt, dann ich: ein kleiner wicht mit der wut im bauch. ich sp\u00fcre meine z\u00e4hne knirschen.<\/p>\n<p>sp\u00e4ter, der nebel hat mich feucht und schadenfreudig umarmt, fliegt ein flugzeug weit oben \u00fcber mich. st\u00f6rt die ruhe, mehr als eine stunde lang. ein zweites flugzeug, ein luftkampf, supponiert, ich erinnere mich an den \u00abluftraum speer\u00bb, den das schweizer milit\u00e4r zwei- oder dreimal im jahr zu seinem eigentum erkl\u00e4rt. exakt genau heute, dienstagmorgen, wenn ich hier bin. mein mir vorauseilender \u00e4rger hat also auf mich gewartet und jetzt sein opfer gefunden.<\/p>\n<p>und pl\u00f6tzlich rege ich mich \u00fcber die horrenden sieben franken auf, die ich droben im gipfelrestaurant f\u00fcr einen mittelm\u00e4ssigen kaffee und und ein gestern aufgebackenes gipfeli, das sich schon beim anschauen seiner obersten bl\u00e4tterteigschicht entbl\u00e4ttert, bezahlt habe. 7 stutz f\u00fcr kaffee &amp; gipfeli! im caf\u00e9 meiner wahl daheim z&#8217;degersheim zahl&#8216; ich daf\u00fcr 3.80 Fr. soviel kostet selbiges wahrscheinlich nicht einmal in der \u00abclouds\u00bb, dem edelrestaurant zuoberst im prime tower z&#8217;z\u00f6ri une. ob simon ammann, toggenburger olympia-lattenheld vergangener jahre (und verwaltungsratsmitglied der bergbahnen, denen das restaurant auf dem ch\u00e4serrugg geh\u00f6rt), \u00fcber den sie hier in der gegend nichts kommen lassen und deshalb sein konterfei an jede scheune gepinnt haben\u00a0(der seinen wohnsitz trotzdem schon vor jahren steueroptimert in den kanton schwyz verlegt hat), wohl weiss, was seine bodenmannschaft hier oben den kinderreichen familien f\u00fcr eine pausenjause abdr\u00fcckt?<\/p>\n<p>der \u00fcberaus \u00fcble l\u00e4rm der durchgeknallten luftkampfpiloten \u00fcber mir im irgendwo echot an den flanken der felsen rund um mich. vuelo rennt dem geruch einer gemse nach, die schon l\u00e4ngst \u00fcber alle berge geh\u00fcpft ist und ich rege mich auf, weil ein wegrennendes vieh (die gemse) meine autorit\u00e4t untergr\u00e4bt. den wenigen bergg\u00e4ngern, die mir im nebel entgegenkeuchen, verweigere ich konstant den gruss. die, die sich im am gamserrugg im sonnendurchbrochenen nebel gegenseitig fotografieren, halte ich f\u00fcr komplette idioten, weil auf dem foto nur graue silhouetten im gegenlicht zu sehen sein werden. ach \u00fcberhaupt k\u00f6nnen nur idioten auf die idee kommen, bei diesem nebel zu fuss auf den gipfel zu steigen, wo es doch eine seilbahn gibt.<\/p>\n<p>um sich, also mich, zu \u00e4rgern, herrschen beste bedingungen. vor lauter vor mich hin\u00e4rgern sehe ich n\u00e4mlich meine umgebung nicht mehr. was kein grosser verlust ist, da ich in dieser suppe ja eh nichts sehe. nun ja, wenigstens habe ich ca. eine halbe stunde lang ein gl\u00fccksgef\u00fchl gehabt. muss reichen bis der fr\u00fchling kommt.<\/p>\n<p>&nbsp;<\/p>\n<div id=\"fb-root\"><\/div>\n<p><script type=\"text\/javascript\">\/\/ <![CDATA[\n          (function(d, s, id) {   var js, fjs = d.getElementsByTagName(s)[0];   if (d.getElementById(id)) return;   js = d.createElement(s); js.id = id;   js.src = \"\/\/connect.facebook.net\/de_DE\/all.js#xfbml=1\";   fjs.parentNode.insertBefore(js, fjs); }(document, 'script', 'facebook-jssdk'));\n\/\/ ]]><\/script><\/p>\n<div class=\"fb-like\" data-href=\"http:\/\/www.michlmichl.ch\" data-send=\"true\" data-layout=\"button_count\" data-width=\"450\" data-show-faces=\"true\"><\/div>\n<p style=\"text-align: right;\">\n","protected":false},"excerpt":{"rendered":"<p>dann, so hundert meter vor dem gipfel, geht die sonne auf. geil, sage ich, nein, denke ich. sofort begeb&#8216; ich mich in die beiz, der erste gast des tages, die serviertochter, deutschland, wuselt noch in einer ecke. sie ist unerwartet freundlich und bringt einen kaffee und ein gipfeli. ich versuche, von jetzt an den tag [&hellip;]<\/p>\n","protected":false},"author":1,"featured_media":0,"comment_status":"closed","ping_status":"closed","sticky":false,"template":"","format":"standard","meta":{"footnotes":""},"categories":[5],"tags":[],"class_list":["post-655","post","type-post","status-publish","format-standard","hentry","category-motz"],"_links":{"self":[{"href":"https:\/\/www.michlmichl.ch\/index.php?rest_route=\/wp\/v2\/posts\/655","targetHints":{"allow":["GET"]}}],"collection":[{"href":"https:\/\/www.michlmichl.ch\/index.php?rest_route=\/wp\/v2\/posts"}],"about":[{"href":"https:\/\/www.michlmichl.ch\/index.php?rest_route=\/wp\/v2\/types\/post"}],"author":[{"embeddable":true,"href":"https:\/\/www.michlmichl.ch\/index.php?rest_route=\/wp\/v2\/users\/1"}],"replies":[{"embeddable":true,"href":"https:\/\/www.michlmichl.ch\/index.php?rest_route=%2Fwp%2Fv2%2Fcomments&post=655"}],"version-history":[{"count":31,"href":"https:\/\/www.michlmichl.ch\/index.php?rest_route=\/wp\/v2\/posts\/655\/revisions"}],"predecessor-version":[{"id":711,"href":"https:\/\/www.michlmichl.ch\/index.php?rest_route=\/wp\/v2\/posts\/655\/revisions\/711"}],"wp:attachment":[{"href":"https:\/\/www.michlmichl.ch\/index.php?rest_route=%2Fwp%2Fv2%2Fmedia&parent=655"}],"wp:term":[{"taxonomy":"category","embeddable":true,"href":"https:\/\/www.michlmichl.ch\/index.php?rest_route=%2Fwp%2Fv2%2Fcategories&post=655"},{"taxonomy":"post_tag","embeddable":true,"href":"https:\/\/www.michlmichl.ch\/index.php?rest_route=%2Fwp%2Fv2%2Ftags&post=655"}],"curies":[{"name":"wp","href":"https:\/\/api.w.org\/{rel}","templated":true}]}}