{"id":94,"date":"2012-07-31T19:14:50","date_gmt":"2012-07-31T17:14:50","guid":{"rendered":"http:\/\/www.michlmichl.ch\/?p=94"},"modified":"2014-10-01T14:09:46","modified_gmt":"2014-10-01T12:09:46","slug":"wurstsalat","status":"publish","type":"post","link":"https:\/\/www.michlmichl.ch\/?p=94","title":{"rendered":"wurstsalat"},"content":{"rendered":"<p style=\"text-align: justify;\">also heute musste ich meinen wurstsalat ziemlich verdienen. das hat nun nichts mit arbeit zu tun, imfall. bei der arbeit leiste ich mir nat\u00fcrlich etwas stilvolleres als so einen ordin\u00e4ren wurstsalat. wurstsalat g\u00f6nne ich mir nur wenn ich z&#8217;alp gehe. z&#8217;alp gehe ich nur am dienstag. nur am dienstag wenn sch\u00f6nes wetter ist. nicht zu heiss. dann ist&#8217;s auch z&#8217;alp gef\u00e4hrlich, gef\u00e4hrlich weil es sonnenbrand geben kann. oder sonnenstich. oder \u00fcberhitzung oder unterzuckerung oder kollaps oder sonst eine \u00fcble sache.<\/p>\n<p style=\"text-align: justify;\">heute war es sch\u00f6nes wetter und nicht zu heiss. ich bin also z&#8217;alp gegangen. vorn am kronberg raufgefahren, hinten runtergelaufen. f\u00fcr den ersten teil des runtergehens w\u00e4hlte ich einen weg den ich schon mal gegangen bin, kein problem also. dann, an einer gabelung, w\u00e4hlte ich den linken weg, weil es mich wunder nahm. ich dachte: wenn du da links gehst, kommst du bald mal zum \u00abahorn\u00bb. es war halb zw\u00f6lf, eine superzeit also um sich mental auf den wurstsalat vorzubereiten. in einer halben stunde werde ich da sein, dachte ich.<\/p>\n<p style=\"text-align: justify;\">dachte ich. gegangen bin ich dann zwei stunden. der weg, der links weg ging, ging nicht geradewegs zum \u00abahorn\u00bb, sondern erst runter ins tobel dann rauf auf eine alp, dann weiter rauf auf die n\u00e4chste alp. 281 h\u00f6henmeter. links sah ich die ganze zeit den weg, den ich heruntergekommen bin. dazwischen tobel. rechts ebenso tobel. endlich ein brunnen (schl\u00fcrf!) und endlich eine abzweigung, und schon fiel der weg wieder steil bergab (juhee!). ich bin also um dieses ganze scheisstobel herumgangen und habe dabei fast 300 meter h\u00f6henmeter rauf und ebensoviele wieder runter zur\u00fcckgelegt. das war nicht der plan eigentlich.<\/p>\n<p style=\"text-align: justify;\">um halb zwei gab es dann wurstsalat im \u00abahorn\u00bb. endlich. der wurstsalat war wunderbar aber etwas fad. leider gibt es z&#8217;alp keine w\u00fcrzigen wurstsalate mehr. die leute wollen halt faden salat ohne pfeffer und zwiebeln und m\u00f6glichst mit rahm in der salatsauce statt essig (daf\u00fcr k\u00fcmmel im rotkabis, waischwiegr\u00fc\u00fcsig). dem f\u00fcgen sich die kochenden in den beizen. leider auch im \u00abahorn\u00bb, der einst mal eine w\u00e4hrschafte innerh\u00f6dler alpbeiz war.<\/p>\n<p style=\"text-align: justify;\">item. meinen wurstsalat habe ich mir heute verdient. schliesslich bin ich daf\u00fcr vier stunden runter und rauf und wieder runter gelatscht. und dann noch eine runter bis zum bahnhof weissbad. nach dem wurstsalat. und jetzt genehmig&#8216; ich mir ein bier.<\/p>\n","protected":false},"excerpt":{"rendered":"<p>also heute musste ich meinen wurstsalat ziemlich verdienen. das hat nun nichts mit arbeit zu tun, imfall. bei der arbeit leiste ich mir nat\u00fcrlich etwas stilvolleres als so einen ordin\u00e4ren wurstsalat. wurstsalat g\u00f6nne ich mir nur wenn ich z&#8217;alp gehe. z&#8217;alp gehe ich nur am dienstag. nur am dienstag wenn sch\u00f6nes wetter ist. nicht zu [&hellip;]<\/p>\n","protected":false},"author":1,"featured_media":0,"comment_status":"open","ping_status":"open","sticky":false,"template":"","format":"standard","meta":{"footnotes":""},"categories":[5],"tags":[],"class_list":["post-94","post","type-post","status-publish","format-standard","hentry","category-motz"],"_links":{"self":[{"href":"https:\/\/www.michlmichl.ch\/index.php?rest_route=\/wp\/v2\/posts\/94","targetHints":{"allow":["GET"]}}],"collection":[{"href":"https:\/\/www.michlmichl.ch\/index.php?rest_route=\/wp\/v2\/posts"}],"about":[{"href":"https:\/\/www.michlmichl.ch\/index.php?rest_route=\/wp\/v2\/types\/post"}],"author":[{"embeddable":true,"href":"https:\/\/www.michlmichl.ch\/index.php?rest_route=\/wp\/v2\/users\/1"}],"replies":[{"embeddable":true,"href":"https:\/\/www.michlmichl.ch\/index.php?rest_route=%2Fwp%2Fv2%2Fcomments&post=94"}],"version-history":[{"count":13,"href":"https:\/\/www.michlmichl.ch\/index.php?rest_route=\/wp\/v2\/posts\/94\/revisions"}],"predecessor-version":[{"id":3169,"href":"https:\/\/www.michlmichl.ch\/index.php?rest_route=\/wp\/v2\/posts\/94\/revisions\/3169"}],"wp:attachment":[{"href":"https:\/\/www.michlmichl.ch\/index.php?rest_route=%2Fwp%2Fv2%2Fmedia&parent=94"}],"wp:term":[{"taxonomy":"category","embeddable":true,"href":"https:\/\/www.michlmichl.ch\/index.php?rest_route=%2Fwp%2Fv2%2Fcategories&post=94"},{"taxonomy":"post_tag","embeddable":true,"href":"https:\/\/www.michlmichl.ch\/index.php?rest_route=%2Fwp%2Fv2%2Ftags&post=94"}],"curies":[{"name":"wp","href":"https:\/\/api.w.org\/{rel}","templated":true}]}}