{"id":1239,"date":"2017-06-04T11:08:32","date_gmt":"2017-06-04T09:08:32","guid":{"rendered":"http:\/\/www.michlmichl.ch\/wordpress_2\/?p=1239"},"modified":"2017-06-04T14:01:34","modified_gmt":"2017-06-04T12:01:34","slug":"montenegro-und-die-nato","status":"publish","type":"post","link":"https:\/\/www.michlmichl.ch\/wordpress_2\/index.php\/2017\/06\/04\/montenegro-und-die-nato\/","title":{"rendered":"Montenegro und die NATO"},"content":{"rendered":"<p style=\"text-align: justify;\">PODGORICA 02\/06\/17. Nun ist Montenegro also auch in der NATO. Eine wesentliche Verst\u00e4rkung ist das Land mit seinen rund 6&#8217;000 Soldaten (wieviele es wirklich sind, weiss niemand so genau, m\u00fcsste man wohl den Verteidigungsminister fragen) f\u00fcr das B\u00fcndnis wohl nicht. Daf\u00fcr eine strategische. Das transatlantische Milit\u00e4rb\u00fcndnis ist nun an der ganzen Adriak\u00fcste, links wie rechts, und mit dazu im ganzen europ\u00e4ischen Teil des Mittelmeers (inklusive T\u00fcrkei) pr\u00e4sent. Wenn man den kritzekleinen K\u00fcstenstreifen, der zu Bosnien &amp; Herzegowina geh\u00f6rt (ca. 20 Kilometer zwischen Montenegro und Kroatien), mal \u00fcbersieht. Dieser kleine Landzipfel w\u00e4re, jetzt mal rein theoretisch, der einzige Ort, wo die Roten (so hiess in der schweizerischen Armee (damals, als ich meinen unerheblichen Beitrag zur Landesverteidigung leistete) der Feind (\u00abB\u00f6Fei\u00bb &#8211; der b\u00f6se Feind)) an Land oder von diesem gehen k\u00f6nnten, ohne auf NATO-Hoheitsgebiet zu treten und einen Krieg zu provozieren (es w\u00e4re dann maximal ein Krieg mit Bosnien&amp;Herzegowina, was niemanden in Europa wurmen w\u00fcrde, die Balkankriege Ende letzten Jh. hat auch niemanden gewurmt).<\/p>\n<p style=\"text-align: justify;\">Der Beitritt Montenegros zur NATO wurde seit 2010 vorgespurt. Zuletzt fehlte das Einverst\u00e4ndnis der USA, aber da war \u00fcber den Jahreswechsel gerade Pr\u00e4sidentenwechsel. Den alten interssierte das Thema nicht mehr, den neuen noch nicht. Im Februar hat der neue jedoch zugestimmt und im April, also vor einem Monat, wurde die Sache im Parlament Montenegros besprochen und beschlossen. Vor 10 Tagen erfolgte der Beitritt formell. Die Bev\u00f6lkerung wurde nicht gefragt. Wohlwissend, dass die wahrscheinlich dagegen gewesen w\u00e4re. Viele MontenegrinerInnen (nach Umfragen ist es die Mehrheit) halten nichts von der NATO. Sie taten es in Demonstrationen auch kund (siehe Bild), wenn auch aus verschiedenen Gr\u00fcnden. F\u00fcr die Einen ist die NATO ein B\u00fcndnis von Weltbeherrschern, von Aggressoren, M\u00f6rdern sogar. Und die Anderen, die nationalistisch Orientierten, w\u00fcrden lieber mit Serbien, bzw. Russland, zusammenspannen.<\/p>\n<p style=\"text-align: justify;\">Es ist erst 18 Jahre her, da hat die NATO das Land, das sie jetzt unter ihre Fittiche genommen hat, noch bombardiert. Das war im Fr\u00fchling 1999, Montenegro spannte noch mit Serbien in der \u00abBundesrepublik Jugoslawien\u00bb zusammen, mehr oder weniger widerwillig zwar, denn wenn es nicht h\u00e4tte, w\u00e4re es wohl auch unter die R\u00e4der von Slobodan Milo\u0161evi\u0107&#8217;s Kriegsmaschine gekommen. Jugoslawiens Armee (die eigentlich eine serbische Armee war) hatte St\u00fctzpunkte in Montenegro, von wo aus sie den Krieg in der abtr\u00fcnnigen Provinz Kosovo befeuerte. Auch der Flughafen von Podgorica war so ein St\u00fctzpunkt. Als die NATO am 24. M\u00e4rz 1999 in ihrer sog. \u00abOperation Allied Force\u00bb begann, strategische Ziele in Kosovo und Serbien zu bombardieren, gerieten auch die St\u00fctzpunkte in Montenegro unter Feuer. 1&#8217;000 NATO-Kampfflugzeuge (v.a. US-amerikanische) entluden 14&#8217;000 Bomben \u00fcber jugoslawischen St\u00e4dten und feuerten 2&#8217;300 Raketen aus Flugzeugen und von Schiffen vor der K\u00fcste Montenegros ab. Einige davon waren f\u00fcr den kleinen Flughafen von Podgorica (bzw. die dortige \u00abgeheime\u00bb Flugzeugkaverne \u00abObjekat Tuzi\u00bb) bestimmt, doch ein paar Bomben trafen auch die Stadt selbst.<\/p>\n<p style=\"text-align: justify;\">Die NATO deklarierte ihr Eingreifen auf dem Balkan im Fr\u00fchling 1999 als humanit\u00e4re Aktion, um den Kosovo zu \u00abbefreien\u00bb (was nach einem Monat auch gelang und das Ende von Milo\u0161evi\u0107&#8217;s grosserbischen Tr\u00e4umen einleitete). Nat\u00fcrlich hat Montenegro diese Attacken, die notabene volkerrechtswidrig waren, da die NATO, bzw. kein NATO-Land angegriffen wurde (der Zweck der NATO ist, sich untereinander zu helfen, wenn eines der Mitglieder von einem Nichtmitglied angegriffen wird) und sie die Einwilligung der UNO nicht erhielt (weil Russland und China dagegen waren), nicht vergessen. Doch einig ist sie sich nicht. Die Einen wollen einfach nur Frieden. Die Anderen wollen lieber Putin als Trump. Die mit knapper Mehrheit regierende Demokratische Partei der Sozialisten Montenegros DPS wollte Sicherheit.<\/p>\n<p style=\"text-align: justify;\">Die milit\u00e4rische Flugzeugkaverne beim Flughafen von Podgorica wurde 2006 von einem Weinh\u00e4ndler gekauft und f\u00fcr seine Zwecke repariert und eingerichtet.<\/p>\n<figure id=\"attachment_1240\" aria-describedby=\"caption-attachment-1240\" style=\"width: 1187px\" class=\"wp-caption alignright\"><img loading=\"lazy\" decoding=\"async\" class=\"size-full wp-image-1240\" src=\"http:\/\/www.michlmichl.ch\/wordpress_2\/wp-content\/uploads\/2017\/06\/grippedbag_IMG_1312_montenegro_nato_blog.jpg\" alt=\"\" width=\"1187\" height=\"520\" srcset=\"https:\/\/www.michlmichl.ch\/wordpress_2\/wp-content\/uploads\/2017\/06\/grippedbag_IMG_1312_montenegro_nato_blog.jpg 1187w, https:\/\/www.michlmichl.ch\/wordpress_2\/wp-content\/uploads\/2017\/06\/grippedbag_IMG_1312_montenegro_nato_blog-300x131.jpg 300w, https:\/\/www.michlmichl.ch\/wordpress_2\/wp-content\/uploads\/2017\/06\/grippedbag_IMG_1312_montenegro_nato_blog-600x263.jpg 600w, https:\/\/www.michlmichl.ch\/wordpress_2\/wp-content\/uploads\/2017\/06\/grippedbag_IMG_1312_montenegro_nato_blog-768x336.jpg 768w, https:\/\/www.michlmichl.ch\/wordpress_2\/wp-content\/uploads\/2017\/06\/grippedbag_IMG_1312_montenegro_nato_blog-1024x449.jpg 1024w, https:\/\/www.michlmichl.ch\/wordpress_2\/wp-content\/uploads\/2017\/06\/grippedbag_IMG_1312_montenegro_nato_blog-100x44.jpg 100w\" sizes=\"auto, (max-width: 1187px) 100vw, 1187px\" \/><figcaption id=\"caption-attachment-1240\" class=\"wp-caption-text\">Proteste in Montenegro gegen den NATO-Beitritt &#8211; schussendlich aber wurde das Volk nicht gefragt<\/figcaption><\/figure>\n","protected":false},"excerpt":{"rendered":"<p>PODGORICA 02\/06\/17. Nun ist Montenegro also auch in der NATO. Eine wesentliche Verst\u00e4rkung ist das Land mit seinen rund 6&#8217;000 Soldaten (wieviele es wirklich sind, weiss niemand so genau, m\u00fcsste man wohl den Verteidigungsminister fragen) f\u00fcr das B\u00fcndnis wohl nicht. Daf\u00fcr eine strategische. Das transatlantische Milit\u00e4rb\u00fcndnis ist nun an der ganzen Adriak\u00fcste, links wie rechts,<\/p>\n<div class=\"more-link\">\n             <a href=\"https:\/\/www.michlmichl.ch\/wordpress_2\/index.php\/2017\/06\/04\/montenegro-und-die-nato\/\" class=\"theme-btn\"><span>Weiterlesen <\/span><i class=\"bi bi-arrow-right\"><\/i><\/a>\n        <\/div>\n","protected":false},"author":1,"featured_media":1240,"comment_status":"closed","ping_status":"closed","sticky":false,"template":"","format":"standard","meta":{"footnotes":""},"categories":[23],"tags":[],"class_list":["post-1239","post","type-post","status-publish","format-standard","has-post-thumbnail","hentry","category-montenegro"],"_links":{"self":[{"href":"https:\/\/www.michlmichl.ch\/wordpress_2\/index.php\/wp-json\/wp\/v2\/posts\/1239","targetHints":{"allow":["GET"]}}],"collection":[{"href":"https:\/\/www.michlmichl.ch\/wordpress_2\/index.php\/wp-json\/wp\/v2\/posts"}],"about":[{"href":"https:\/\/www.michlmichl.ch\/wordpress_2\/index.php\/wp-json\/wp\/v2\/types\/post"}],"author":[{"embeddable":true,"href":"https:\/\/www.michlmichl.ch\/wordpress_2\/index.php\/wp-json\/wp\/v2\/users\/1"}],"replies":[{"embeddable":true,"href":"https:\/\/www.michlmichl.ch\/wordpress_2\/index.php\/wp-json\/wp\/v2\/comments?post=1239"}],"version-history":[{"count":14,"href":"https:\/\/www.michlmichl.ch\/wordpress_2\/index.php\/wp-json\/wp\/v2\/posts\/1239\/revisions"}],"predecessor-version":[{"id":1254,"href":"https:\/\/www.michlmichl.ch\/wordpress_2\/index.php\/wp-json\/wp\/v2\/posts\/1239\/revisions\/1254"}],"wp:featuredmedia":[{"embeddable":true,"href":"https:\/\/www.michlmichl.ch\/wordpress_2\/index.php\/wp-json\/wp\/v2\/media\/1240"}],"wp:attachment":[{"href":"https:\/\/www.michlmichl.ch\/wordpress_2\/index.php\/wp-json\/wp\/v2\/media?parent=1239"}],"wp:term":[{"taxonomy":"category","embeddable":true,"href":"https:\/\/www.michlmichl.ch\/wordpress_2\/index.php\/wp-json\/wp\/v2\/categories?post=1239"},{"taxonomy":"post_tag","embeddable":true,"href":"https:\/\/www.michlmichl.ch\/wordpress_2\/index.php\/wp-json\/wp\/v2\/tags?post=1239"}],"curies":[{"name":"wp","href":"https:\/\/api.w.org\/{rel}","templated":true}]}}