{"id":1558,"date":"2017-10-30T17:13:52","date_gmt":"2017-10-30T16:13:52","guid":{"rendered":"http:\/\/www.michlmichl.ch\/wordpress_2\/?p=1558"},"modified":"2017-10-30T17:13:52","modified_gmt":"2017-10-30T16:13:52","slug":"le-cinema-rif","status":"publish","type":"post","link":"https:\/\/www.michlmichl.ch\/wordpress_2\/index.php\/2017\/10\/30\/le-cinema-rif\/","title":{"rendered":"Le Cin\u00e9ma Rif"},"content":{"rendered":"<figure id=\"attachment_1563\" aria-describedby=\"caption-attachment-1563\" style=\"width: 1600px\" class=\"wp-caption alignright\"><img loading=\"lazy\" decoding=\"async\" class=\"size-full wp-image-1563\" src=\"http:\/\/www.michlmichl.ch\/wordpress_2\/wp-content\/uploads\/2017\/10\/grippedbag_PA250217_tanger_cinema_rif_blog.jpg\" alt=\"Cin\u00e9ma Rif Tanger\" width=\"1600\" height=\"953\" srcset=\"https:\/\/www.michlmichl.ch\/wordpress_2\/wp-content\/uploads\/2017\/10\/grippedbag_PA250217_tanger_cinema_rif_blog.jpg 1600w, https:\/\/www.michlmichl.ch\/wordpress_2\/wp-content\/uploads\/2017\/10\/grippedbag_PA250217_tanger_cinema_rif_blog-300x179.jpg 300w, https:\/\/www.michlmichl.ch\/wordpress_2\/wp-content\/uploads\/2017\/10\/grippedbag_PA250217_tanger_cinema_rif_blog-600x357.jpg 600w, https:\/\/www.michlmichl.ch\/wordpress_2\/wp-content\/uploads\/2017\/10\/grippedbag_PA250217_tanger_cinema_rif_blog-768x457.jpg 768w, https:\/\/www.michlmichl.ch\/wordpress_2\/wp-content\/uploads\/2017\/10\/grippedbag_PA250217_tanger_cinema_rif_blog-1024x610.jpg 1024w, https:\/\/www.michlmichl.ch\/wordpress_2\/wp-content\/uploads\/2017\/10\/grippedbag_PA250217_tanger_cinema_rif_blog-100x60.jpg 100w\" sizes=\"auto, (max-width: 1600px) 100vw, 1600px\" \/><figcaption id=\"caption-attachment-1563\" class=\"wp-caption-text\">Das Cin\u00e9ma Rif am Grand Socco (Place du 9 avril 1947) inTanger<\/figcaption><\/figure>\n<p>Das h\u00e4tte ich jetzt nicht erwartet: Ein Kino in Tanger! Und dann noch ein Arthouse-Kino, das jeden Tag f\u00fcnf Filme abspielt, darunter auch viele im Land selbst gedrehte Dok- und Spielfilme. Dabei ist das \u00abCin\u00e9ma Rif\u00bb erstaunlicherweise in gutem Zustand, nicht so abgesifft wie so vieles in dieser Stadt. Ein wundersch\u00f6nes Kino, so im Art-Deco-Stil, mit viel Charme uns stets ein paar schwer rauchenden Intellektuellen (und solche die sich dazu z\u00e4hlen) in den Sesseln im Entr\u00e9e (\u00abLounge\u00bb sagt man dem heutzutags).<\/p>\n<p>Das Cin\u00e9ma Rif am Place du 9 Avril 1947 (der so heisst, weil der damalige Sultan von Marokko hier am 9. April 1947 eine massgebliche Rede auf dem Weg zur Unabh\u00e4ngigkeit hielt (die Marokko dennoch erst 1956 erlangte)) wurde 1948, also zu Zeiten, als Tanger kein Staat und keine Kolonie, sondern eine Freihandelszone unter internationaler Verwaltung war, gebaut. Der Grund d\u00fcrfte wohl das wachsende Bed\u00fcrfnis der internationalen An\u00e4ssigen, \u00dcbersiedler und Diplomaten nach gepflegter cineastischer Unterhaltung gewesen sein. In den Jahren vor der Jahrtausendwende degenerierte das Programm des \u00abRif\u00bb zum Unterhaltungstempel mit seichter Setlist und Bollywood-Filmen, das seinen Saal mit 500 Pl\u00e4tzen nur noch mit M\u00fche nachhaltig f\u00fcllen konnte.<\/p>\n<p>2005 wurde das Cin\u00e9ma Rif totalrenoviert, sein \u00abGrande Salle\u00bb wurde in einem mit 380 und einen kleinen mit 60 Sitzpl\u00e4tzen umgebaut. Das Programm wechselte ab der Neuer\u00f6ffnung am 29. Mai 2006 radikal zu Studio- und Dokumentar-Filmen, und zunehmend wurden auch einheimische, bzw. Filme arabischer und \u00e4gyptischer Herkunft programmiert. Der Projektor des grossen Saals wurde so gebaut, dass er um 180 Grad gedreht werden und eine Leinwand auf dem Vorplatz des Kino&#8217;s bespielen konnte. Damit wurden Openair-Events wie das \u00abFestival national du film de Tanger\u00bb (jeweils anfangs M\u00e4rz) mit 4&#8217;000 Zuschauenden m\u00f6glich. 2007 etablierten einehimsche und franz\u00f6sische Produzenten und Filmenacher das Medienbibliothek und -Netzwerk \u00ab<a href=\"http:\/\/www.cinemathequedetanger.com\" target=\"_blank\" rel=\"noopener\">Cin\u00e9math\u00e8que de Tanger<\/a>\u00bb.<\/p>\n","protected":false},"excerpt":{"rendered":"<p>Das h\u00e4tte ich jetzt nicht erwartet: Ein Kino in Tanger! Und dann noch ein Arthouse-Kino, das jeden Tag f\u00fcnf Filme abspielt, darunter auch viele im Land selbst gedrehte Dok- und Spielfilme. Dabei ist das \u00abCin\u00e9ma Rif\u00bb erstaunlicherweise in gutem Zustand, nicht so abgesifft wie so vieles in dieser Stadt. Ein wundersch\u00f6nes Kino, so im Art-Deco-Stil,<\/p>\n<div class=\"more-link\">\n             <a href=\"https:\/\/www.michlmichl.ch\/wordpress_2\/index.php\/2017\/10\/30\/le-cinema-rif\/\" class=\"theme-btn\"><span>Weiterlesen <\/span><i class=\"bi bi-arrow-right\"><\/i><\/a>\n        <\/div>\n","protected":false},"author":1,"featured_media":1564,"comment_status":"closed","ping_status":"closed","sticky":false,"template":"","format":"standard","meta":{"footnotes":""},"categories":[28],"tags":[],"class_list":["post-1558","post","type-post","status-publish","format-standard","has-post-thumbnail","hentry","category-tanger"],"_links":{"self":[{"href":"https:\/\/www.michlmichl.ch\/wordpress_2\/index.php\/wp-json\/wp\/v2\/posts\/1558","targetHints":{"allow":["GET"]}}],"collection":[{"href":"https:\/\/www.michlmichl.ch\/wordpress_2\/index.php\/wp-json\/wp\/v2\/posts"}],"about":[{"href":"https:\/\/www.michlmichl.ch\/wordpress_2\/index.php\/wp-json\/wp\/v2\/types\/post"}],"author":[{"embeddable":true,"href":"https:\/\/www.michlmichl.ch\/wordpress_2\/index.php\/wp-json\/wp\/v2\/users\/1"}],"replies":[{"embeddable":true,"href":"https:\/\/www.michlmichl.ch\/wordpress_2\/index.php\/wp-json\/wp\/v2\/comments?post=1558"}],"version-history":[{"count":5,"href":"https:\/\/www.michlmichl.ch\/wordpress_2\/index.php\/wp-json\/wp\/v2\/posts\/1558\/revisions"}],"predecessor-version":[{"id":1565,"href":"https:\/\/www.michlmichl.ch\/wordpress_2\/index.php\/wp-json\/wp\/v2\/posts\/1558\/revisions\/1565"}],"wp:featuredmedia":[{"embeddable":true,"href":"https:\/\/www.michlmichl.ch\/wordpress_2\/index.php\/wp-json\/wp\/v2\/media\/1564"}],"wp:attachment":[{"href":"https:\/\/www.michlmichl.ch\/wordpress_2\/index.php\/wp-json\/wp\/v2\/media?parent=1558"}],"wp:term":[{"taxonomy":"category","embeddable":true,"href":"https:\/\/www.michlmichl.ch\/wordpress_2\/index.php\/wp-json\/wp\/v2\/categories?post=1558"},{"taxonomy":"post_tag","embeddable":true,"href":"https:\/\/www.michlmichl.ch\/wordpress_2\/index.php\/wp-json\/wp\/v2\/tags?post=1558"}],"curies":[{"name":"wp","href":"https:\/\/api.w.org\/{rel}","templated":true}]}}