{"id":2699,"date":"2018-11-27T17:33:31","date_gmt":"2018-11-27T16:33:31","guid":{"rendered":"https:\/\/www.michlmichl.ch\/wordpress_2\/?p=2699"},"modified":"2018-11-28T19:39:19","modified_gmt":"2018-11-28T18:39:19","slug":"prypjat-geisterstadt-2-2-3-4","status":"publish","type":"post","link":"https:\/\/www.michlmichl.ch\/wordpress_2\/index.php\/2018\/11\/27\/prypjat-geisterstadt-2-2-3-4\/","title":{"rendered":"Tschernobyl Super-GAU"},"content":{"rendered":"<h2 style=\"text-align: justify;\">26. April 1986, 01:24 Uhr &#8211; Super-GAU in Block 4 des Atomkraftwerks Tschernobyl. Eine Explosion liess den Reaktor und das Geb\u00e4ude bersten. Radioaktives Material flog buchst\u00e4blich in die Luft.<\/h2>\n<p style=\"text-align: justify;\">Mein letzter Bericht aus Tschernobyl ist dem Fotografen Igor Kostin gewidmet. Er schoss das erste Bild vom havarierten Reaktor in Block 4 des AKW. Kostin wurde am 26. April 1986 beim Mittagessen in Kiew von einem befreundeten Helikopterpiloten kontaktiert mit der Nachricht, dass in Tschernobyl ein gr\u00f6sserer Unfall passiert sein soll. Offizielle Nachrichten vom Unfall gab es zu diesem Zeitpunkt und noch tagelang nicht. Kostin flog mit dem Piloten zum AKW und schoss aus der Luft die ersten Bilder- ohne Genehmigung. Er erz\u00e4hlte nachher, dass beide Kameras nach einer Serie von Bildern ihren Dienst versagten. Ebenso seien alle Filme durch die Strahlung \u00fcberbelichtet worden und die Abz\u00fcge waren darum schwarz bis auf ein einziges Bild (siehe rechts). Er sandte<a href=\"https:\/\/www.michlmichl.ch\/wordpress_2\/wp-content\/uploads\/2018\/11\/kostin-chernobyl1.jpg\"><img loading=\"lazy\" decoding=\"async\" class=\"size-full wp-image-2701 alignright\" src=\"https:\/\/www.michlmichl.ch\/wordpress_2\/wp-content\/uploads\/2018\/11\/kostin-chernobyl1.jpg\" alt=\"Kostin Tschernobyl\" width=\"300\" height=\"1731\" \/><\/a> das Bild seiner Agentur Novosti, die es aber auf Weisung von oben 5 Tage nicht ver\u00f6ffentlichte, mit der Begr\u00fcndung, es sei illegal aufgenommen worden.<br \/>\nKostin und der Pilot blieben von der Strahlung mehr oder weniger unversehrt. Er starb mit 76 Jahren 2015 bei einem Autounfall in Kiew.<\/p>\n<p style=\"text-align: justify;\">Das Bild zeigt das zerst\u00f6rte Reaktorgeb\u00e4ude. Man sieht das offene Dach und das in die Luft gesprengte Material rund um das Geb\u00e4ude. Wie sp\u00e4ter ermittelt wurde, war es eine Explosion infolge \u00dcberdruck und keine Explosion aufgrund einer unkontrollierten Kettenreaktion wie bei einer Atombombe. Da w\u00e4re der Schaden wile gr\u00f6sser und vom AKW nichts mehr \u00fcbrig gewesen. Die Explosion wurde durch eine Fehlmanipulation des Personals herbeigef\u00fchrt, beg\u00fcnstigt durch die Konstruktionsart des Reaktors (<a href=\"https:\/\/de.wikipedia.org\/wiki\/RBMK\" target=\"_blank\" rel=\"noopener\">Siedewasser-Druckr\u00f6hrenreaktor RBMK-1000<\/a>).<br \/>\nDer Beton, der Graphit im Reaktor, Stahlteile und sonstiges Zeugs wurden in die Luft geschleudert und teilweise pulverisiert. Der Staub wurde vom Wind in 1500 Meter H\u00f6he bis \u00fcber Weissrussland nach Skandinavien und sp\u00e4ter nach Mitteleuropa getragen. Die gr\u00f6sseren Brocken fiel rund um das Gel\u00e4nde herunter, sie wurden in den ersten Tagen durch die Feuerwehr zusammenger\u00e4umt und in das offene Reaktorloch geschmissen. Dabei verstrahlten sich 28 Feuerwehrleute, die innert weniger Tage starben. Weitere Todesopfer aufgrund der Verstrahlung gab es nicht, obwohl total bis 500&#8217;000 Arbeiter, sog. \u00abLiquidatoren\u00bb, in den Jahren nach dem Desaster das Gel\u00e4nde weitr\u00e4umig (in der 30km-Zone) von Fallout befreiten. \u00dcber die Sp\u00e4topfer der Verstrahlung weiss man nicht viel, bzw., wurde nie etwas Offizielles bekannt. Inoffizielle Sch\u00e4tzungen gehen von 3&#8217;000 Betroffenen aus.<\/p>\n<p style=\"text-align: justify;\"><iframe loading=\"lazy\" style=\"float: right; border-top: 6px solid white; border-left: 15px solid white;\" src=\"https:\/\/www.tripline.net\/map?tripId=30401373656410149E17A1E12C9B8DC7&amp;onSite=0\" width=\"800\" height=\"250\" allowfullscreen=\"allowfullscreen\"><span style=\"display: inline-block; width: 0px; overflow: hidden; line-height: 0;\" data-mce-type=\"bookmark\" class=\"mce_SELRES_start\">\ufeff<\/span><span style=\"display: inline-block; width: 0px; overflow: hidden; line-height: 0;\" data-mce-type=\"bookmark\" class=\"mce_SELRES_start\">\ufeff<\/span><span style=\"display: inline-block; width: 0px; overflow: hidden; line-height: 0;\" data-mce-type=\"bookmark\" class=\"mce_SELRES_start\">\ufeff<\/span><\/iframe><\/p>\n<p>&nbsp;<\/p>\n","protected":false},"excerpt":{"rendered":"<p>26. April 1986, 01:24 Uhr &#8211; Super-GAU in Block 4 des Atomkraftwerks Tschernobyl. Eine Explosion liess den Reaktor und das Geb\u00e4ude bersten. Radioaktives Material flog buchst\u00e4blich in die Luft. Mein letzter Bericht aus Tschernobyl ist dem Fotografen Igor Kostin gewidmet. Er schoss das erste Bild vom havarierten Reaktor in Block 4 des AKW. Kostin wurde<\/p>\n<div class=\"more-link\">\n             <a href=\"https:\/\/www.michlmichl.ch\/wordpress_2\/index.php\/2018\/11\/27\/prypjat-geisterstadt-2-2-3-4\/\" class=\"theme-btn\"><span>Weiterlesen <\/span><i class=\"bi bi-arrow-right\"><\/i><\/a>\n        <\/div>\n","protected":false},"author":1,"featured_media":2701,"comment_status":"closed","ping_status":"closed","sticky":false,"template":"","format":"standard","meta":{"footnotes":""},"categories":[62],"tags":[61],"class_list":["post-2699","post","type-post","status-publish","format-standard","has-post-thumbnail","hentry","category-tschernobyl","tag-tschernobyl"],"_links":{"self":[{"href":"https:\/\/www.michlmichl.ch\/wordpress_2\/index.php\/wp-json\/wp\/v2\/posts\/2699","targetHints":{"allow":["GET"]}}],"collection":[{"href":"https:\/\/www.michlmichl.ch\/wordpress_2\/index.php\/wp-json\/wp\/v2\/posts"}],"about":[{"href":"https:\/\/www.michlmichl.ch\/wordpress_2\/index.php\/wp-json\/wp\/v2\/types\/post"}],"author":[{"embeddable":true,"href":"https:\/\/www.michlmichl.ch\/wordpress_2\/index.php\/wp-json\/wp\/v2\/users\/1"}],"replies":[{"embeddable":true,"href":"https:\/\/www.michlmichl.ch\/wordpress_2\/index.php\/wp-json\/wp\/v2\/comments?post=2699"}],"version-history":[{"count":7,"href":"https:\/\/www.michlmichl.ch\/wordpress_2\/index.php\/wp-json\/wp\/v2\/posts\/2699\/revisions"}],"predecessor-version":[{"id":2860,"href":"https:\/\/www.michlmichl.ch\/wordpress_2\/index.php\/wp-json\/wp\/v2\/posts\/2699\/revisions\/2860"}],"wp:featuredmedia":[{"embeddable":true,"href":"https:\/\/www.michlmichl.ch\/wordpress_2\/index.php\/wp-json\/wp\/v2\/media\/2701"}],"wp:attachment":[{"href":"https:\/\/www.michlmichl.ch\/wordpress_2\/index.php\/wp-json\/wp\/v2\/media?parent=2699"}],"wp:term":[{"taxonomy":"category","embeddable":true,"href":"https:\/\/www.michlmichl.ch\/wordpress_2\/index.php\/wp-json\/wp\/v2\/categories?post=2699"},{"taxonomy":"post_tag","embeddable":true,"href":"https:\/\/www.michlmichl.ch\/wordpress_2\/index.php\/wp-json\/wp\/v2\/tags?post=2699"}],"curies":[{"name":"wp","href":"https:\/\/api.w.org\/{rel}","templated":true}]}}