{"id":3001,"date":"2020-02-29T18:47:14","date_gmt":"2020-02-29T17:47:14","guid":{"rendered":"https:\/\/www.michlmichl.ch\/wordpress_2\/?p=3001"},"modified":"2020-04-01T11:28:36","modified_gmt":"2020-04-01T09:28:36","slug":"neue-latschn","status":"publish","type":"post","link":"https:\/\/www.michlmichl.ch\/wordpress_2\/index.php\/2020\/02\/29\/neue-latschn\/","title":{"rendered":"Neue Latsch&#8217;n, Bart weg"},"content":{"rendered":"<p class=\"has-drop-cap\" style=\"text-align: justify;\">Man muss ja auch mal f\u00fcr sich schauen. Habe mir neue Latschen gekauft und bin sofort ziemlich gockelm\u00e4ssig durch den Markt von Bahir Dar zur Seepromenade runtergelatscht. Da fragte mich ein junger Mann, wie ich zu so kr\u00e4ftigen Waden komme. Er sei Fussballer und trainiere wie ein Verr\u00fcckter, aber er kriege einfach keine richtig dicken Waden hin. \u00abAre you doing sports, biking or hill climbing?\u00bb Der scherzt wohl, dachte ich &#8211; ich und Sport? \u00abThats nature\u00bb, sage ich, \u00abyou have it or you do&#8217;nt have it!\u00bb \u00abOk, have a nice day!\u00bb sagte er und grinste.<\/p>\n<p>Koa Hiatamadl mog i net<br \/>Hot koane dick&#8217;n Wadln net<br \/>I mog a Madl aus da Stadt<br \/>Wos dicke Wadln hat<\/p>\n<p>(Hubert von Goisern)<\/p>\n\n\n<figure class=\"wp-block-image\"><img loading=\"lazy\" decoding=\"async\" width=\"1024\" height=\"729\" src=\"https:\/\/www.michlmichl.ch\/wordpress_2\/wp-content\/uploads\/2020\/03\/travel_IMG_3642_tschitopia_bahardar_schuhe_fb-1024x729.jpg\" alt=\"Schuhe grippedbag\" class=\"wp-image-3002\" srcset=\"https:\/\/www.michlmichl.ch\/wordpress_2\/wp-content\/uploads\/2020\/03\/travel_IMG_3642_tschitopia_bahardar_schuhe_fb-1024x729.jpg 1024w, https:\/\/www.michlmichl.ch\/wordpress_2\/wp-content\/uploads\/2020\/03\/travel_IMG_3642_tschitopia_bahardar_schuhe_fb-300x214.jpg 300w, https:\/\/www.michlmichl.ch\/wordpress_2\/wp-content\/uploads\/2020\/03\/travel_IMG_3642_tschitopia_bahardar_schuhe_fb-600x427.jpg 600w, https:\/\/www.michlmichl.ch\/wordpress_2\/wp-content\/uploads\/2020\/03\/travel_IMG_3642_tschitopia_bahardar_schuhe_fb-768x547.jpg 768w, https:\/\/www.michlmichl.ch\/wordpress_2\/wp-content\/uploads\/2020\/03\/travel_IMG_3642_tschitopia_bahardar_schuhe_fb-100x71.jpg 100w, https:\/\/www.michlmichl.ch\/wordpress_2\/wp-content\/uploads\/2020\/03\/travel_IMG_3642_tschitopia_bahardar_schuhe_fb-250x178.jpg 250w, https:\/\/www.michlmichl.ch\/wordpress_2\/wp-content\/uploads\/2020\/03\/travel_IMG_3642_tschitopia_bahardar_schuhe_fb.jpg 1600w\" sizes=\"auto, (max-width: 1024px) 100vw, 1024px\" \/><\/figure>\n\n\n\n<p>Und dann habe ich mich noch rasieren lassen. Morgen gehts zur\u00fcck nach Europa, da muss man, also ich, schliesslich gut aussehen!<\/p>\n\n\n\n<figure class=\"wp-block-image\"><img loading=\"lazy\" decoding=\"async\" width=\"1024\" height=\"735\" src=\"https:\/\/www.michlmichl.ch\/wordpress_2\/wp-content\/uploads\/2020\/04\/travel_IMG_3633_dschitopia_barber_fb-1024x735.jpg\" alt=\"\" class=\"wp-image-3064\" srcset=\"https:\/\/www.michlmichl.ch\/wordpress_2\/wp-content\/uploads\/2020\/04\/travel_IMG_3633_dschitopia_barber_fb-1024x735.jpg 1024w, https:\/\/www.michlmichl.ch\/wordpress_2\/wp-content\/uploads\/2020\/04\/travel_IMG_3633_dschitopia_barber_fb-300x215.jpg 300w, https:\/\/www.michlmichl.ch\/wordpress_2\/wp-content\/uploads\/2020\/04\/travel_IMG_3633_dschitopia_barber_fb-600x431.jpg 600w, https:\/\/www.michlmichl.ch\/wordpress_2\/wp-content\/uploads\/2020\/04\/travel_IMG_3633_dschitopia_barber_fb-768x551.jpg 768w, https:\/\/www.michlmichl.ch\/wordpress_2\/wp-content\/uploads\/2020\/04\/travel_IMG_3633_dschitopia_barber_fb-100x72.jpg 100w, https:\/\/www.michlmichl.ch\/wordpress_2\/wp-content\/uploads\/2020\/04\/travel_IMG_3633_dschitopia_barber_fb-250x179.jpg 250w, https:\/\/www.michlmichl.ch\/wordpress_2\/wp-content\/uploads\/2020\/04\/travel_IMG_3633_dschitopia_barber_fb.jpg 1600w\" sizes=\"auto, (max-width: 1024px) 100vw, 1024px\" \/><\/figure>\n","protected":false},"excerpt":{"rendered":"<p>Man muss ja auch mal f\u00fcr sich schauen. Habe mir neue Latschen gekauft und bin sofort ziemlich gockelm\u00e4ssig durch den Markt von Bahir Dar zur Seepromenade runtergelatscht. Da fragte mich ein junger Mann, wie ich zu so kr\u00e4ftigen Waden komme. Er sei Fussballer und trainiere wie ein Verr\u00fcckter, aber er kriege einfach keine richtig dicken<\/p>\n<div class=\"more-link\">\n             <a href=\"https:\/\/www.michlmichl.ch\/wordpress_2\/index.php\/2020\/02\/29\/neue-latschn\/\" class=\"theme-btn\"><span>Weiterlesen <\/span><i class=\"bi bi-arrow-right\"><\/i><\/a>\n        <\/div>\n","protected":false},"author":1,"featured_media":3002,"comment_status":"closed","ping_status":"closed","sticky":false,"template":"","format":"standard","meta":{"footnotes":""},"categories":[67],"tags":[83,91,92,72,94,68,88,71,89],"class_list":["post-3001","post","type-post","status-publish","format-standard","has-post-thumbnail","hentry","category-djitopia","tag-abay","tag-bahir-dar","tag-blauer-nil","tag-ethiopia","tag-gilgel-abay","tag-grippedbag","tag-lake-tana","tag-michael-hug","tag-tanasee"],"_links":{"self":[{"href":"https:\/\/www.michlmichl.ch\/wordpress_2\/index.php\/wp-json\/wp\/v2\/posts\/3001","targetHints":{"allow":["GET"]}}],"collection":[{"href":"https:\/\/www.michlmichl.ch\/wordpress_2\/index.php\/wp-json\/wp\/v2\/posts"}],"about":[{"href":"https:\/\/www.michlmichl.ch\/wordpress_2\/index.php\/wp-json\/wp\/v2\/types\/post"}],"author":[{"embeddable":true,"href":"https:\/\/www.michlmichl.ch\/wordpress_2\/index.php\/wp-json\/wp\/v2\/users\/1"}],"replies":[{"embeddable":true,"href":"https:\/\/www.michlmichl.ch\/wordpress_2\/index.php\/wp-json\/wp\/v2\/comments?post=3001"}],"version-history":[{"count":3,"href":"https:\/\/www.michlmichl.ch\/wordpress_2\/index.php\/wp-json\/wp\/v2\/posts\/3001\/revisions"}],"predecessor-version":[{"id":3065,"href":"https:\/\/www.michlmichl.ch\/wordpress_2\/index.php\/wp-json\/wp\/v2\/posts\/3001\/revisions\/3065"}],"wp:featuredmedia":[{"embeddable":true,"href":"https:\/\/www.michlmichl.ch\/wordpress_2\/index.php\/wp-json\/wp\/v2\/media\/3002"}],"wp:attachment":[{"href":"https:\/\/www.michlmichl.ch\/wordpress_2\/index.php\/wp-json\/wp\/v2\/media?parent=3001"}],"wp:term":[{"taxonomy":"category","embeddable":true,"href":"https:\/\/www.michlmichl.ch\/wordpress_2\/index.php\/wp-json\/wp\/v2\/categories?post=3001"},{"taxonomy":"post_tag","embeddable":true,"href":"https:\/\/www.michlmichl.ch\/wordpress_2\/index.php\/wp-json\/wp\/v2\/tags?post=3001"}],"curies":[{"name":"wp","href":"https:\/\/api.w.org\/{rel}","templated":true}]}}