{"id":3120,"date":"2020-04-14T11:30:04","date_gmt":"2020-04-14T09:30:04","guid":{"rendered":"https:\/\/www.michlmichl.ch\/wordpress_2\/?p=3120"},"modified":"2020-04-14T11:30:28","modified_gmt":"2020-04-14T09:30:28","slug":"abiy-ahmednobelpreis","status":"publish","type":"post","link":"https:\/\/www.michlmichl.ch\/wordpress_2\/index.php\/2020\/04\/14\/abiy-ahmednobelpreis\/","title":{"rendered":"Abiy Ahmeds Nobelpreis"},"content":{"rendered":"<p class=\"has-drop-cap\" style=\"text-align: justify;\">Dieses ziemlich schwummrige Foto zeigt die Originalurkunde des Friedensnobelpreis von 2018. Erhalten hat ihn der \u00e4thiopische Ministerpr\u00e4sident Abiy Ahmed Ali f\u00fcr seine Verdienste beim Friedensabkommen zwischen \u00c4thiopien und Eritrea. Abiy Ahmed regiert in \u00c4thiopien erst seit April 2018, schon drei Monate sp\u00e4ter schloss er Freiden mit dem Nachbarland. Knapp ein halbes Jahr sp\u00e4ter erhielt er den Nobelpreis. Noch eine Woche vor dem Friedensschluss entgieng er knapp einem Bombenattentat.<\/p>\n\n<p style=\"text-align: justify;\">Seine Blitzkarriere hatte sich der heute 44-J\u00e4hrige wohl nicht so gedacht. Erst seit 2010 bet\u00e4tigt er sich als Politiker (als Abgeordneter im Unterhaus), acht Jahre sp\u00e4ter konnte er als Parteivorsitzender der OPDO (\u00abDemokratischen Organisation des Oromovolkes\u00bb) nach dem vom Volk erzwungenem R\u00fccktritt des langj\u00e4hrigen Ministerpr\u00e4sidenten Hailemariam Desalegn dessen Job \u00fcbernehmen. Der Mann ist gescheit, hat einen \u00abMaster of Transformational Leadership\u00bb (was immer das ist), einen \u00abMaster of Business Administration\u00bb und erhielt einen Ph.D (was hierzulande ein Dr. ist) f\u00fcr seine Studie \u00abSocial Capital and its Role in Traditional Conflict Resolution in Ethiopia: The Case of Inter-Religious Conflict in Jimma Zone State\u00bb. Er spricht drei Landessprachen (Oromo, Amhara und Tigryana) sowie Englisch. Und er hat drei T\u00f6chter und sieben Halbgeschwister, und ist ausserdem der erste Ministerpr\u00e4sident aus der Oromo-Etnie. Sein Vorname Abiy leitet sich von \u00abAbiyot\u00bb ab, was \u00abRevolution\u00bb bedeutet.<\/p>\n<p>Die <a href=\"https:\/\/www.france24.com\/en\/20191210-accepting-nobel-peace-prize-ethiopia-s-abiy-ahmed-hails-former-foe-eritrea\" target=\"_blank\" rel=\"noopener noreferrer\">Nobelpreis-Urkunde<\/a> h\u00e4ngt im fr\u00fcheren Nationalpalast in einem Vorzimmer des ehemaligen Kaisers Heile Selassie, heute das Etnologische Museum \u00c4thiopiens in Addis Abeba.<\/p>\n\n\n<figure class=\"wp-block-image\"><img loading=\"lazy\" decoding=\"async\" width=\"1024\" height=\"679\" src=\"https:\/\/www.michlmichl.ch\/wordpress_2\/wp-content\/uploads\/2020\/04\/travel_P1080050_dschitopia_addis_nobel_fb-1024x679.jpg\" alt=\"\" class=\"wp-image-3121\" srcset=\"https:\/\/www.michlmichl.ch\/wordpress_2\/wp-content\/uploads\/2020\/04\/travel_P1080050_dschitopia_addis_nobel_fb-1024x679.jpg 1024w, https:\/\/www.michlmichl.ch\/wordpress_2\/wp-content\/uploads\/2020\/04\/travel_P1080050_dschitopia_addis_nobel_fb-300x199.jpg 300w, https:\/\/www.michlmichl.ch\/wordpress_2\/wp-content\/uploads\/2020\/04\/travel_P1080050_dschitopia_addis_nobel_fb-600x398.jpg 600w, https:\/\/www.michlmichl.ch\/wordpress_2\/wp-content\/uploads\/2020\/04\/travel_P1080050_dschitopia_addis_nobel_fb-768x509.jpg 768w, https:\/\/www.michlmichl.ch\/wordpress_2\/wp-content\/uploads\/2020\/04\/travel_P1080050_dschitopia_addis_nobel_fb-100x66.jpg 100w, https:\/\/www.michlmichl.ch\/wordpress_2\/wp-content\/uploads\/2020\/04\/travel_P1080050_dschitopia_addis_nobel_fb-250x166.jpg 250w, https:\/\/www.michlmichl.ch\/wordpress_2\/wp-content\/uploads\/2020\/04\/travel_P1080050_dschitopia_addis_nobel_fb.jpg 1600w\" sizes=\"auto, (max-width: 1024px) 100vw, 1024px\" \/><\/figure>\n","protected":false},"excerpt":{"rendered":"<p>Dieses ziemlich schwummrige Foto zeigt die Originalurkunde des Friedensnobelpreis von 2018. Erhalten hat ihn der \u00e4thiopische Ministerpr\u00e4sident Abiy Ahmed Ali f\u00fcr seine Verdienste beim Friedensabkommen zwischen \u00c4thiopien und Eritrea. Abiy Ahmed regiert in \u00c4thiopien erst seit April 2018, schon drei Monate sp\u00e4ter schloss er Freiden mit dem Nachbarland. Knapp ein halbes Jahr sp\u00e4ter erhielt er<\/p>\n<div class=\"more-link\">\n             <a href=\"https:\/\/www.michlmichl.ch\/wordpress_2\/index.php\/2020\/04\/14\/abiy-ahmednobelpreis\/\" class=\"theme-btn\"><span>Weiterlesen <\/span><i class=\"bi bi-arrow-right\"><\/i><\/a>\n        <\/div>\n","protected":false},"author":1,"featured_media":3121,"comment_status":"closed","ping_status":"closed","sticky":false,"template":"","format":"standard","meta":{"footnotes":""},"categories":[67],"tags":[102,68,71,101],"class_list":["post-3120","post","type-post","status-publish","format-standard","has-post-thumbnail","hentry","category-djitopia","tag-abiy-ahmed-ali","tag-grippedbag","tag-michael-hug","tag-nobelpreis"],"_links":{"self":[{"href":"https:\/\/www.michlmichl.ch\/wordpress_2\/index.php\/wp-json\/wp\/v2\/posts\/3120","targetHints":{"allow":["GET"]}}],"collection":[{"href":"https:\/\/www.michlmichl.ch\/wordpress_2\/index.php\/wp-json\/wp\/v2\/posts"}],"about":[{"href":"https:\/\/www.michlmichl.ch\/wordpress_2\/index.php\/wp-json\/wp\/v2\/types\/post"}],"author":[{"embeddable":true,"href":"https:\/\/www.michlmichl.ch\/wordpress_2\/index.php\/wp-json\/wp\/v2\/users\/1"}],"replies":[{"embeddable":true,"href":"https:\/\/www.michlmichl.ch\/wordpress_2\/index.php\/wp-json\/wp\/v2\/comments?post=3120"}],"version-history":[{"count":3,"href":"https:\/\/www.michlmichl.ch\/wordpress_2\/index.php\/wp-json\/wp\/v2\/posts\/3120\/revisions"}],"predecessor-version":[{"id":3124,"href":"https:\/\/www.michlmichl.ch\/wordpress_2\/index.php\/wp-json\/wp\/v2\/posts\/3120\/revisions\/3124"}],"wp:featuredmedia":[{"embeddable":true,"href":"https:\/\/www.michlmichl.ch\/wordpress_2\/index.php\/wp-json\/wp\/v2\/media\/3121"}],"wp:attachment":[{"href":"https:\/\/www.michlmichl.ch\/wordpress_2\/index.php\/wp-json\/wp\/v2\/media?parent=3120"}],"wp:term":[{"taxonomy":"category","embeddable":true,"href":"https:\/\/www.michlmichl.ch\/wordpress_2\/index.php\/wp-json\/wp\/v2\/categories?post=3120"},{"taxonomy":"post_tag","embeddable":true,"href":"https:\/\/www.michlmichl.ch\/wordpress_2\/index.php\/wp-json\/wp\/v2\/tags?post=3120"}],"curies":[{"name":"wp","href":"https:\/\/api.w.org\/{rel}","templated":true}]}}