{"id":3130,"date":"2020-07-03T13:51:12","date_gmt":"2020-07-03T11:51:12","guid":{"rendered":"https:\/\/www.michlmichl.ch\/wordpress_2\/?p=3130"},"modified":"2020-07-08T14:53:39","modified_gmt":"2020-07-08T12:53:39","slug":"progetto-puglia20","status":"publish","type":"post","link":"https:\/\/www.michlmichl.ch\/wordpress_2\/index.php\/2020\/07\/03\/progetto-puglia20\/","title":{"rendered":"Maske auf Mann (oder Frau)"},"content":{"rendered":"\n<p><\/p>\n\n\n\n<p class=\"has-drop-cap\" style=\"text-align: justify\">NAPOLI. Keine\/r sagt hier  \u00abmaschera\u00bb. Maske ist etwas f\u00fcr die Fasnacht. In Italien heisst es  \u00abmascherina\u00bb, kleine Maske oder Halbmaske. So eine sollte man schon bei  der Einreise bei sich haben. Auf dem Flughafen ZRH schenken sie einem  eine Behelfsmaske, denn in den Fl\u00fcgen der Alitalia sind sie  vorgeschrieben. Die Alitalia verschenkt aber nichts, auch kein Bier oder  Wasser. Die Behelfs-mascherina, eigentlich nur ein gefaltetes St\u00fcck  Vlies mit zwei Schlitzen zum Einh\u00e4ngen  an den Ohren, ist wahrscheinlich in der Not in der Schweiz oder in China  produziert worden und hat den Vorteil, dass man sie 4x nutzen kann,  einfach umdrehen oder auf die andere Seite falten (dass das nicht den  beh\u00f6rdlichen Empfehlungen entspricht, ist ein Nebeneffekt, aber  pragmatisch).\n<p style=\"text-align: justify;\">Im S\u00fcden  angekommen, ginge es auch ohne Maske. Im Freien tr\u00e4gt fast niemand das  unbequeme Ding. Sobald man aber in geschlossene R\u00e4ume geht &#8211; Z\u00fcge,  Bahnh\u00f6fe, F\u00e4hren, L\u00e4den, Kirchen, aber auch Taxis oder Shuttles &#8211; muss  man eine tragen. Das heisst, man wird freundlich bis stringent darauf  aufmerksam gemacht. Als ich in Napoli Centrale aus dem Zug steige, suche  ich erst mal eine Apotheke und werde dort energisch von Dame mit Visier  darauf hingewiesen, dass ich hier nicht ohne Maske eintreten d\u00fcrfe. Ja  deswegen sei ich ja hier, brauche eine mascherina, sage ich. Es gibt  zertifizierte Masken (mit Abk\u00fcrzung) und ganz normale. Die  zertifizierten sind teuer, die unzertifizierten auch. 2\u20ac f\u00fcr das Set mit  2 St\u00fcck. Ich kaufe 2 Sets, muss wohl, weil ich keine andere  Verkaufsstelle finde. Masken darf offenbar nur die Apotheke kaufen.  Schwarzh\u00e4ndler sehe ich keine, daf\u00fcr sehr viel Polizei und bewaffnetes  Milit\u00e4r, das selbst gr\u00f6sstenteils auch maskiert ist.\n\n\n\n<p><\/p>\n\n\n\n<figure class=\"wp-block-image\"><img loading=\"lazy\" decoding=\"async\" width=\"1600\" height=\"1220\" src=\"https:\/\/www.michlmichl.ch\/wordpress_2\/wp-content\/uploads\/2020\/07\/travel_IMG_3939_puglia20_ZRH_messung_fb.jpg\" alt=\"\" class=\"wp-image-3133\" srcset=\"https:\/\/www.michlmichl.ch\/wordpress_2\/wp-content\/uploads\/2020\/07\/travel_IMG_3939_puglia20_ZRH_messung_fb.jpg 1600w, https:\/\/www.michlmichl.ch\/wordpress_2\/wp-content\/uploads\/2020\/07\/travel_IMG_3939_puglia20_ZRH_messung_fb-300x229.jpg 300w, https:\/\/www.michlmichl.ch\/wordpress_2\/wp-content\/uploads\/2020\/07\/travel_IMG_3939_puglia20_ZRH_messung_fb-600x458.jpg 600w, https:\/\/www.michlmichl.ch\/wordpress_2\/wp-content\/uploads\/2020\/07\/travel_IMG_3939_puglia20_ZRH_messung_fb-768x586.jpg 768w, https:\/\/www.michlmichl.ch\/wordpress_2\/wp-content\/uploads\/2020\/07\/travel_IMG_3939_puglia20_ZRH_messung_fb-1024x781.jpg 1024w, https:\/\/www.michlmichl.ch\/wordpress_2\/wp-content\/uploads\/2020\/07\/travel_IMG_3939_puglia20_ZRH_messung_fb-100x76.jpg 100w, https:\/\/www.michlmichl.ch\/wordpress_2\/wp-content\/uploads\/2020\/07\/travel_IMG_3939_puglia20_ZRH_messung_fb-250x191.jpg 250w\" sizes=\"auto, (max-width: 1600px) 100vw, 1600px\" \/><\/figure>\n\n\n\n<p>Temperaturmessung schon im Flughafen Z\u00fcrich (Hintergrund: alle Bierstellen im Terminal A zu)<\/p>\n","protected":false},"excerpt":{"rendered":"<p>NAPOLI. Keine\/r sagt hier \u00abmaschera\u00bb. Maske ist etwas f\u00fcr die Fasnacht. In Italien heisst es \u00abmascherina\u00bb, kleine Maske oder Halbmaske. So eine sollte man schon bei der Einreise bei sich haben. Auf dem Flughafen ZRH schenken sie einem eine Behelfsmaske, denn in den Fl\u00fcgen der Alitalia sind sie vorgeschrieben. Die Alitalia verschenkt aber nichts, auch<\/p>\n<div class=\"more-link\">\n             <a href=\"https:\/\/www.michlmichl.ch\/wordpress_2\/index.php\/2020\/07\/03\/progetto-puglia20\/\" class=\"theme-btn\"><span>Weiterlesen <\/span><i class=\"bi bi-arrow-right\"><\/i><\/a>\n        <\/div>\n","protected":false},"author":1,"featured_media":3133,"comment_status":"closed","ping_status":"closed","sticky":false,"template":"","format":"standard","meta":{"footnotes":""},"categories":[103],"tags":[104,68,105],"class_list":["post-3130","post","type-post","status-publish","format-standard","has-post-thumbnail","hentry","category-una-settimana-in-puglia","tag-apulien","tag-grippedbag","tag-puglia"],"_links":{"self":[{"href":"https:\/\/www.michlmichl.ch\/wordpress_2\/index.php\/wp-json\/wp\/v2\/posts\/3130","targetHints":{"allow":["GET"]}}],"collection":[{"href":"https:\/\/www.michlmichl.ch\/wordpress_2\/index.php\/wp-json\/wp\/v2\/posts"}],"about":[{"href":"https:\/\/www.michlmichl.ch\/wordpress_2\/index.php\/wp-json\/wp\/v2\/types\/post"}],"author":[{"embeddable":true,"href":"https:\/\/www.michlmichl.ch\/wordpress_2\/index.php\/wp-json\/wp\/v2\/users\/1"}],"replies":[{"embeddable":true,"href":"https:\/\/www.michlmichl.ch\/wordpress_2\/index.php\/wp-json\/wp\/v2\/comments?post=3130"}],"version-history":[{"count":13,"href":"https:\/\/www.michlmichl.ch\/wordpress_2\/index.php\/wp-json\/wp\/v2\/posts\/3130\/revisions"}],"predecessor-version":[{"id":3173,"href":"https:\/\/www.michlmichl.ch\/wordpress_2\/index.php\/wp-json\/wp\/v2\/posts\/3130\/revisions\/3173"}],"wp:featuredmedia":[{"embeddable":true,"href":"https:\/\/www.michlmichl.ch\/wordpress_2\/index.php\/wp-json\/wp\/v2\/media\/3133"}],"wp:attachment":[{"href":"https:\/\/www.michlmichl.ch\/wordpress_2\/index.php\/wp-json\/wp\/v2\/media?parent=3130"}],"wp:term":[{"taxonomy":"category","embeddable":true,"href":"https:\/\/www.michlmichl.ch\/wordpress_2\/index.php\/wp-json\/wp\/v2\/categories?post=3130"},{"taxonomy":"post_tag","embeddable":true,"href":"https:\/\/www.michlmichl.ch\/wordpress_2\/index.php\/wp-json\/wp\/v2\/tags?post=3130"}],"curies":[{"name":"wp","href":"https:\/\/api.w.org\/{rel}","templated":true}]}}