{"id":3144,"date":"2020-07-04T14:17:01","date_gmt":"2020-07-04T12:17:01","guid":{"rendered":"https:\/\/www.michlmichl.ch\/wordpress_2\/?p=3144"},"modified":"2020-07-08T14:22:32","modified_gmt":"2020-07-08T12:22:32","slug":"maske-auf-mann-oder-frau","status":"publish","type":"post","link":"https:\/\/www.michlmichl.ch\/wordpress_2\/index.php\/2020\/07\/04\/maske-auf-mann-oder-frau\/","title":{"rendered":"Der t\u00e4gliche Temperaturcheck"},"content":{"rendered":"\n<p><\/p>\n\n\n\n<p class=\"has-drop-cap\" style=\"text-align: justify;\">NAPOLI.  In Italien ist es derzeit nicht gem\u00fctlich, wenn man aus irgendeinem Grund Fieber hat. An Flugh\u00e4fen, grossen Bahnh\u00f6fen, in vielen Restaurants, beim Besteigen einer F\u00e4hre &#8211; \u00fcberall wird einem die Temperatur gemessen. Draussen ist es am Nachmittag jeden Tag um die 35 Grad und man hat st\u00e4ndig das Gef\u00fchl, jetzt sei man selber \u00fcbertemperiert. Doch die Messger\u00e4te arbeiten offenbar genau, geben bei mir stets 35.6 Grad an. Ich gehe zudem auch davon aus, dass die Temperatur der Leute auch unbemerkt gemessen wird. Und man wird wohl auch erfasst per Video, so wie in China. Keine Ahnung, was passiert, wenn man zu hohe Temperatur hat. Ganz bl\u00f6d w\u00e4r das am ersten Ferientag.\n\n<p style=\"text-align: justify;\">Doch solche Gedanken muss man weglegen. Man kommt ja wegen der Verbringung eines m\u00f6glichst erfreulichen Urlaubs hierher. Erfreulich ist derzeit ein Urlaub in Italien, wohl auch in anderen L\u00e4ndern, in der Tat. Es hat n\u00e4mlich nicht sehr viel Leute, Touris, vor allem keine ausl\u00e4ndischen (deutschen) Touris. Die Italiener sind selbst auch noch nicht allzu urlaubsgeil, obwohl seit dieser Woche Schulferien sind. F\u00fcr unsereiner ist es das Paradies. Fast alle Restaurants sind ge\u00f6ffnet, alle Z\u00fcge verkehren, die Fl\u00fcge auf den Hauptverkehrsachsen sind in Betrieb, es herrscht fast \u00fcberall schon wieder der Normalbetrieb. Die Leute, Kellner, Taxifahrer, Rezeptionisten (in Italien werden immer noch viele Jobs in der Tourismusbranche von M\u00e4nnern gemacht) sind freundlich. Sie wissen, was sie an einem haben.\nDie L\u00e4den sind offen, jedoch leer. In den ristoranti wird in geb\u00fchrendem Abstand aufgetischt, auch auf der Terrasse. Im Zug ist jeder zweite Platz gesperrt, dennoch sind die Z\u00fcge nicht voll. Leider aber funktioneiren diverse Services noch nicht, z.B. die Tour auf den Vesuv. Im Hotel Mercure in Bari sind Bar und Restaurant zu, das Fr\u00fchst\u00fcck wird statt am Buffet auf einem Tablett serviert und es ist alles, ausser der Kaffee, in Plastik verpackt. Nicht grad im Sinne des Klimaschutzes, daf\u00fcr im Sinne des Virusschutz. Demgegen\u00fcber gibt es nirgends Papierhandt\u00fccher auf den \u00f6ffentlichen Toiletten (was schon vor Corona nicht der Fall war), daf\u00fcr die als Virenschleudern bekannten Lufttrockner. Na da lass&#8216; ich meine H\u00e4nde doch lieber nass.\n\n\n\n<figure class=\"wp-block-image\"><img loading=\"lazy\" decoding=\"async\" width=\"1024\" height=\"657\" src=\"https:\/\/www.michlmichl.ch\/wordpress_2\/wp-content\/uploads\/2020\/07\/travel_IMG_4056_puglia20_napolicentrale_covid_fb-1024x657.jpg\" alt=\"\" class=\"wp-image-3145\" srcset=\"https:\/\/www.michlmichl.ch\/wordpress_2\/wp-content\/uploads\/2020\/07\/travel_IMG_4056_puglia20_napolicentrale_covid_fb-1024x657.jpg 1024w, https:\/\/www.michlmichl.ch\/wordpress_2\/wp-content\/uploads\/2020\/07\/travel_IMG_4056_puglia20_napolicentrale_covid_fb-300x192.jpg 300w, https:\/\/www.michlmichl.ch\/wordpress_2\/wp-content\/uploads\/2020\/07\/travel_IMG_4056_puglia20_napolicentrale_covid_fb-600x385.jpg 600w, https:\/\/www.michlmichl.ch\/wordpress_2\/wp-content\/uploads\/2020\/07\/travel_IMG_4056_puglia20_napolicentrale_covid_fb-768x492.jpg 768w, https:\/\/www.michlmichl.ch\/wordpress_2\/wp-content\/uploads\/2020\/07\/travel_IMG_4056_puglia20_napolicentrale_covid_fb-100x64.jpg 100w, https:\/\/www.michlmichl.ch\/wordpress_2\/wp-content\/uploads\/2020\/07\/travel_IMG_4056_puglia20_napolicentrale_covid_fb-250x160.jpg 250w, https:\/\/www.michlmichl.ch\/wordpress_2\/wp-content\/uploads\/2020\/07\/travel_IMG_4056_puglia20_napolicentrale_covid_fb.jpg 1600w\" sizes=\"auto, (max-width: 1024px) 100vw, 1024px\" \/><\/figure>\n\n\n\n<p>Temperaturmessung und Videoaufzeichnung im Bahnhof von Neapel<\/p>\n","protected":false},"excerpt":{"rendered":"<p>NAPOLI. In Italien ist es derzeit nicht gem\u00fctlich, wenn man aus irgendeinem Grund Fieber hat. An Flugh\u00e4fen, grossen Bahnh\u00f6fen, in vielen Restaurants, beim Besteigen einer F\u00e4hre &#8211; \u00fcberall wird einem die Temperatur gemessen. Draussen ist es am Nachmittag jeden Tag um die 35 Grad und man hat st\u00e4ndig das Gef\u00fchl, jetzt sei man selber \u00fcbertemperiert.<\/p>\n<div class=\"more-link\">\n             <a href=\"https:\/\/www.michlmichl.ch\/wordpress_2\/index.php\/2020\/07\/04\/maske-auf-mann-oder-frau\/\" class=\"theme-btn\"><span>Weiterlesen <\/span><i class=\"bi bi-arrow-right\"><\/i><\/a>\n        <\/div>\n","protected":false},"author":1,"featured_media":3145,"comment_status":"closed","ping_status":"closed","sticky":false,"template":"","format":"standard","meta":{"footnotes":""},"categories":[103],"tags":[104,68,105],"class_list":["post-3144","post","type-post","status-publish","format-standard","has-post-thumbnail","hentry","category-una-settimana-in-puglia","tag-apulien","tag-grippedbag","tag-puglia"],"_links":{"self":[{"href":"https:\/\/www.michlmichl.ch\/wordpress_2\/index.php\/wp-json\/wp\/v2\/posts\/3144","targetHints":{"allow":["GET"]}}],"collection":[{"href":"https:\/\/www.michlmichl.ch\/wordpress_2\/index.php\/wp-json\/wp\/v2\/posts"}],"about":[{"href":"https:\/\/www.michlmichl.ch\/wordpress_2\/index.php\/wp-json\/wp\/v2\/types\/post"}],"author":[{"embeddable":true,"href":"https:\/\/www.michlmichl.ch\/wordpress_2\/index.php\/wp-json\/wp\/v2\/users\/1"}],"replies":[{"embeddable":true,"href":"https:\/\/www.michlmichl.ch\/wordpress_2\/index.php\/wp-json\/wp\/v2\/comments?post=3144"}],"version-history":[{"count":3,"href":"https:\/\/www.michlmichl.ch\/wordpress_2\/index.php\/wp-json\/wp\/v2\/posts\/3144\/revisions"}],"predecessor-version":[{"id":3148,"href":"https:\/\/www.michlmichl.ch\/wordpress_2\/index.php\/wp-json\/wp\/v2\/posts\/3144\/revisions\/3148"}],"wp:featuredmedia":[{"embeddable":true,"href":"https:\/\/www.michlmichl.ch\/wordpress_2\/index.php\/wp-json\/wp\/v2\/media\/3145"}],"wp:attachment":[{"href":"https:\/\/www.michlmichl.ch\/wordpress_2\/index.php\/wp-json\/wp\/v2\/media?parent=3144"}],"wp:term":[{"taxonomy":"category","embeddable":true,"href":"https:\/\/www.michlmichl.ch\/wordpress_2\/index.php\/wp-json\/wp\/v2\/categories?post=3144"},{"taxonomy":"post_tag","embeddable":true,"href":"https:\/\/www.michlmichl.ch\/wordpress_2\/index.php\/wp-json\/wp\/v2\/tags?post=3144"}],"curies":[{"name":"wp","href":"https:\/\/api.w.org\/{rel}","templated":true}]}}