{"id":3215,"date":"2020-07-10T15:46:37","date_gmt":"2020-07-10T13:46:37","guid":{"rendered":"https:\/\/www.michlmichl.ch\/wordpress_2\/?p=3215"},"modified":"2020-07-17T15:53:51","modified_gmt":"2020-07-17T13:53:51","slug":"bagaglio-perduto-a-brindisi","status":"publish","type":"post","link":"https:\/\/www.michlmichl.ch\/wordpress_2\/index.php\/2020\/07\/10\/bagaglio-perduto-a-brindisi\/","title":{"rendered":"Bagaglio perduto a Brindisi"},"content":{"rendered":"\n<p class=\"has-drop-cap\" style=\"text-align: justify\">FIUMICINO. Und dann stehe ich in Rom ohne Koffer da. Toll. Ich muss mir im Mercure Fiumicino eine Zahnb\u00fcrste geben lassen. Am Morgen danach frage ich mich, wie ich meine Haare k\u00e4mmen soll &#8211; keine Haarb\u00fcrste zur Hand, der Behelfskamm aus dem Hygienenotfallset des Hotels ist v\u00f6llig unbrauchbar. Wie ich riechen soll &#8211; kein Deo im Gep\u00e4ck. Welches Gep\u00e4ck?\n\n<p style=\"text-align: justify\">Mein Koffer ist in Brindisi vergessen gegangen. Wegen der ENAC. Diese ENAC hat w\u00e4hrend meiner Reise durch Apulien eine neue Vorschrift herausgegeben: kein Handgep\u00e4ck mehr in der Kabine! Jegliches Gep\u00e4ck, ausser Handtasche oder Day Pack muss ab sofort eingecheckt werden. Nur sagt einem das niemand, wenn man elektronisch eincheckt. Wenn man, also ich, z&#8217;Brindisi am Gate steht und einsteigen will, nehmen sie einem das Kabinengep\u00e4ck weg. Niemand aber sagt dir warum. Nur: ENAC!\n\n<p style=\"text-align: justify\">Ob ich mein K\u00f6fferli dann in Rom auch wieder gleich beim Aussteigen zur\u00fcckbekomme, frage ich (was sonst eigentlich \u00fcblich ist wenn sie einem das Gep\u00e4ck aus Platzgr\u00fcnden wegnehmen). Nein, sagt sie: \u00abGep\u00e4ckausgabe!\u00bb Ok, sage ich, m\u00fcrrisch, warum sie einem das nicht vorher sagen, erg\u00e4nze ich, m\u00fcrrisch. Beim Gep\u00e4ckausgabeband in Fiumicini stehe ich nat\u00fcrlich nach einer Dreiviertelstunde immer noch da. Alleine nat\u00fcrlich, denn Pech habe nur ich. Ich melde die Sache beim Lost&#038;Found, da finden sie nat\u00fcrlich mein K\u00f6fferli nicht, weil es gar nie eingecheckt wurde. Und vermutlich immer noch einsam und verloren am Gate in Brindisi steht.\n\n<p style=\"text-align: justify\">24 Stunden sp\u00e4ter f\u00e4hrt ein Kurier von Kloten nach Degersheim und stellt mir meinen verlorenen Koffer vor die Haust\u00fcre. Mit Zahn- und Haarb\u00fcrste. Und ein paar Unterhosen (gebraucht).\n\n<p style=\"text-align: justify\">Anmerkung: Die ENAC &#8211; Ente Nazionale per l\u2019Aviazione Civile &#8211; ist die italiensiche Zivilluftfahrtbeh\u00f6rde. Sie hat die neue Anweisung erlassen, damit das Ein- und Aussteigen schneller erfolgt. Pax stehen sich weniger nahe (und sich auf den F\u00fcssen), es soll die Viren\u00fcbertragung vermindern.\nTats\u00e4chlich geht das Ein- und Aussteigen nun speditiver vor sich. Sofern die Leute sch\u00f6n brav sitzenbleiben und erst aufstehen wenn ihre Reihe aufgerufen wird. Bei den ItalienerInnen funktioniert es sehr gut, bei den SchweizerInnen wahrscheinlich eher nicht (darum f\u00fchrt man es bei der Swiss nicht ein). https:\/\/www.airliners.de\/italien-handgepaeck\/56193\n\n<p>Bild: Perduto a Brindisi &#8211; ritrovato a Degersheim: Il mio bagaglio.\n\n\n\n<figure class=\"wp-block-image\"><img loading=\"lazy\" decoding=\"async\" width=\"1024\" height=\"695\" src=\"https:\/\/www.michlmichl.ch\/wordpress_2\/wp-content\/uploads\/2020\/07\/travel_IMG_4122_puglia20_a-casa_koffer_web-1024x695.jpg\" alt=\"\" class=\"wp-image-3216\" srcset=\"https:\/\/www.michlmichl.ch\/wordpress_2\/wp-content\/uploads\/2020\/07\/travel_IMG_4122_puglia20_a-casa_koffer_web-1024x695.jpg 1024w, https:\/\/www.michlmichl.ch\/wordpress_2\/wp-content\/uploads\/2020\/07\/travel_IMG_4122_puglia20_a-casa_koffer_web-300x204.jpg 300w, https:\/\/www.michlmichl.ch\/wordpress_2\/wp-content\/uploads\/2020\/07\/travel_IMG_4122_puglia20_a-casa_koffer_web-600x407.jpg 600w, https:\/\/www.michlmichl.ch\/wordpress_2\/wp-content\/uploads\/2020\/07\/travel_IMG_4122_puglia20_a-casa_koffer_web-768x521.jpg 768w, https:\/\/www.michlmichl.ch\/wordpress_2\/wp-content\/uploads\/2020\/07\/travel_IMG_4122_puglia20_a-casa_koffer_web-100x68.jpg 100w, https:\/\/www.michlmichl.ch\/wordpress_2\/wp-content\/uploads\/2020\/07\/travel_IMG_4122_puglia20_a-casa_koffer_web-250x170.jpg 250w, https:\/\/www.michlmichl.ch\/wordpress_2\/wp-content\/uploads\/2020\/07\/travel_IMG_4122_puglia20_a-casa_koffer_web.jpg 1600w\" sizes=\"auto, (max-width: 1024px) 100vw, 1024px\" \/><\/figure>\n","protected":false},"excerpt":{"rendered":"<p>FIUMICINO. Und dann stehe ich in Rom ohne Koffer da. Toll. Ich muss mir im Mercure Fiumicino eine Zahnb\u00fcrste geben lassen. Am Morgen danach frage ich mich, wie ich meine Haare k\u00e4mmen soll &#8211; keine Haarb\u00fcrste zur Hand, der Behelfskamm aus dem Hygienenotfallset des Hotels ist v\u00f6llig unbrauchbar. Wie ich riechen soll &#8211; kein Deo<\/p>\n<div class=\"more-link\">\n             <a href=\"https:\/\/www.michlmichl.ch\/wordpress_2\/index.php\/2020\/07\/10\/bagaglio-perduto-a-brindisi\/\" class=\"theme-btn\"><span>Weiterlesen <\/span><i class=\"bi bi-arrow-right\"><\/i><\/a>\n        <\/div>\n","protected":false},"author":1,"featured_media":3216,"comment_status":"closed","ping_status":"closed","sticky":false,"template":"","format":"standard","meta":{"footnotes":""},"categories":[103],"tags":[111,112,113,68,71],"class_list":["post-3215","post","type-post","status-publish","format-standard","has-post-thumbnail","hentry","category-una-settimana-in-puglia","tag-bagaglio","tag-brindisi","tag-fiumicino","tag-grippedbag","tag-michael-hug"],"_links":{"self":[{"href":"https:\/\/www.michlmichl.ch\/wordpress_2\/index.php\/wp-json\/wp\/v2\/posts\/3215","targetHints":{"allow":["GET"]}}],"collection":[{"href":"https:\/\/www.michlmichl.ch\/wordpress_2\/index.php\/wp-json\/wp\/v2\/posts"}],"about":[{"href":"https:\/\/www.michlmichl.ch\/wordpress_2\/index.php\/wp-json\/wp\/v2\/types\/post"}],"author":[{"embeddable":true,"href":"https:\/\/www.michlmichl.ch\/wordpress_2\/index.php\/wp-json\/wp\/v2\/users\/1"}],"replies":[{"embeddable":true,"href":"https:\/\/www.michlmichl.ch\/wordpress_2\/index.php\/wp-json\/wp\/v2\/comments?post=3215"}],"version-history":[{"count":3,"href":"https:\/\/www.michlmichl.ch\/wordpress_2\/index.php\/wp-json\/wp\/v2\/posts\/3215\/revisions"}],"predecessor-version":[{"id":3219,"href":"https:\/\/www.michlmichl.ch\/wordpress_2\/index.php\/wp-json\/wp\/v2\/posts\/3215\/revisions\/3219"}],"wp:featuredmedia":[{"embeddable":true,"href":"https:\/\/www.michlmichl.ch\/wordpress_2\/index.php\/wp-json\/wp\/v2\/media\/3216"}],"wp:attachment":[{"href":"https:\/\/www.michlmichl.ch\/wordpress_2\/index.php\/wp-json\/wp\/v2\/media?parent=3215"}],"wp:term":[{"taxonomy":"category","embeddable":true,"href":"https:\/\/www.michlmichl.ch\/wordpress_2\/index.php\/wp-json\/wp\/v2\/categories?post=3215"},{"taxonomy":"post_tag","embeddable":true,"href":"https:\/\/www.michlmichl.ch\/wordpress_2\/index.php\/wp-json\/wp\/v2\/tags?post=3215"}],"curies":[{"name":"wp","href":"https:\/\/api.w.org\/{rel}","templated":true}]}}