{"id":3238,"date":"2020-08-31T15:13:20","date_gmt":"2020-08-31T13:13:20","guid":{"rendered":"https:\/\/www.michlmichl.ch\/wordpress_2\/?p=3238"},"modified":"2020-08-31T15:14:09","modified_gmt":"2020-08-31T13:14:09","slug":"st-marys-tower","status":"publish","type":"post","link":"https:\/\/www.michlmichl.ch\/wordpress_2\/index.php\/2020\/08\/31\/st-marys-tower\/","title":{"rendered":"St Mary&#8217;s Tower"},"content":{"rendered":"\n<p class=\"has-drop-cap\" style=\"text-align: justify;\">COMINO. Der Turm zur Heiligen Maria steht seit 1618 auf dem Inselchen Comino, das wiederum eingezw\u00e4ngt zwschen Gozo und Malta liegt. Der St Mary&#8217;s Tower und zahlreiche weitere auf Malta und Gozo wurden einst gebaut, um \u00fcber das Meer angreifende Armaden fr\u00fch genug zu ersp\u00e4hen. Jeder Turm steht jeweils mit zwei weiteren in Sichtverbindung und die Feindesmeldungen wurden nachts mit Licht und tags\u00fcber mit Fahnen kommuniziert.\n<p style=\"text-align: justify;\">Nun ist dieser Heiligenturm (jeder dieser Wachtt\u00fcrme hat einen Namen) an sich nichts besonders Erw\u00e4hnenswertes oder gar Besuchenswertes, er ist eh geschlossen und es gibt auf Comino eigentlich auch nichts weiter Sehenswertes, nicht einmal eine Beiz (darum auch keine Nahaufnahme). Gef\u00fchrte Touristen sehen sich aber gerne vor der Insel in der \u00abBlue Lagoon\u00bb um, eine seichte Stelle, die durch den gelben Sandsteingrund in einem wundersch\u00f6nen Blau schimmert. Wahrscheinlich ist dieses Blau das meistfotografierte Blau der Welt seit es Handys mit Kamera gibt.\n<p style=\"text-align: justify;\">Doch dieser Tower hat dann und wann schon eine Rolle in diversen Filmen gespielt.  Zuletzt auch im 2002 neu verfilmten \u00abThe Count of Monte Cristo\u00bb (nachdem die Story seit 1908 bereits ca. 30x verfilmt wurde). Der Tower spielte die Rolle des Chateau d&#8217;If, wo ja der Graf, bevor er Graf wurde und noch Edmond Dant\u00e8s hiess, zwanzig Jahre eingesperrt war. Der Film mit Jim Caviezel als Hauptdarsteller hat nur 35 Mio $ gekostet wurde aber zum Flop, trotz oder wegen des ber\u00fchmten Caviezel (dessen Vorfahren im \u00dcbrigen aus dem B\u00fcndnerland stammen). Aber wir haben ja noch den Grafen von Monte Christo mit einem ber\u00fchmten Franzosen in der Hauptrolle (als vierteilige TV-Serie) und ausserdem k\u00f6nnten wir ja die Geschichte im Buch von Alexandre Dumas (dem \u00c4lteren) nachlesen (Le Comte de Monte-Cristo (ISBN 978-3-423-13955-7).\n\n\n\n<figure class=\"wp-block-image\"><img loading=\"lazy\" decoding=\"async\" width=\"1024\" height=\"531\" src=\"https:\/\/www.michlmichl.ch\/wordpress_2\/wp-content\/uploads\/2020\/08\/travel_IMG_4213_gozo20_comino_tower_montecristo_fb-1024x531.jpg\" alt=\"St Marys Tower Comino\" class=\"wp-image-3239\" srcset=\"https:\/\/www.michlmichl.ch\/wordpress_2\/wp-content\/uploads\/2020\/08\/travel_IMG_4213_gozo20_comino_tower_montecristo_fb-1024x531.jpg 1024w, https:\/\/www.michlmichl.ch\/wordpress_2\/wp-content\/uploads\/2020\/08\/travel_IMG_4213_gozo20_comino_tower_montecristo_fb-300x156.jpg 300w, https:\/\/www.michlmichl.ch\/wordpress_2\/wp-content\/uploads\/2020\/08\/travel_IMG_4213_gozo20_comino_tower_montecristo_fb-600x311.jpg 600w, https:\/\/www.michlmichl.ch\/wordpress_2\/wp-content\/uploads\/2020\/08\/travel_IMG_4213_gozo20_comino_tower_montecristo_fb-768x398.jpg 768w, https:\/\/www.michlmichl.ch\/wordpress_2\/wp-content\/uploads\/2020\/08\/travel_IMG_4213_gozo20_comino_tower_montecristo_fb-100x52.jpg 100w, https:\/\/www.michlmichl.ch\/wordpress_2\/wp-content\/uploads\/2020\/08\/travel_IMG_4213_gozo20_comino_tower_montecristo_fb-250x130.jpg 250w, https:\/\/www.michlmichl.ch\/wordpress_2\/wp-content\/uploads\/2020\/08\/travel_IMG_4213_gozo20_comino_tower_montecristo_fb.jpg 1600w\" sizes=\"auto, (max-width: 1024px) 100vw, 1024px\" \/><\/figure>\n","protected":false},"excerpt":{"rendered":"<p>COMINO. Der Turm zur Heiligen Maria steht seit 1618 auf dem Inselchen Comino, das wiederum eingezw\u00e4ngt zwschen Gozo und Malta liegt. Der St Mary&#8217;s Tower und zahlreiche weitere auf Malta und Gozo wurden einst gebaut, um \u00fcber das Meer angreifende Armaden fr\u00fch genug zu ersp\u00e4hen. Jeder Turm steht jeweils mit zwei weiteren in Sichtverbindung und<\/p>\n<div class=\"more-link\">\n             <a href=\"https:\/\/www.michlmichl.ch\/wordpress_2\/index.php\/2020\/08\/31\/st-marys-tower\/\" class=\"theme-btn\"><span>Weiterlesen <\/span><i class=\"bi bi-arrow-right\"><\/i><\/a>\n        <\/div>\n","protected":false},"author":1,"featured_media":3234,"comment_status":"closed","ping_status":"closed","sticky":false,"template":"","format":"standard","meta":{"footnotes":""},"categories":[114],"tags":[121,117,68,118,71,120],"class_list":["post-3238","post","type-post","status-publish","format-standard","has-post-thumbnail","hentry","category-gozo","tag-comino","tag-gozo","tag-grippedbag","tag-malta","tag-michael-hug","tag-st-marys-tower"],"_links":{"self":[{"href":"https:\/\/www.michlmichl.ch\/wordpress_2\/index.php\/wp-json\/wp\/v2\/posts\/3238","targetHints":{"allow":["GET"]}}],"collection":[{"href":"https:\/\/www.michlmichl.ch\/wordpress_2\/index.php\/wp-json\/wp\/v2\/posts"}],"about":[{"href":"https:\/\/www.michlmichl.ch\/wordpress_2\/index.php\/wp-json\/wp\/v2\/types\/post"}],"author":[{"embeddable":true,"href":"https:\/\/www.michlmichl.ch\/wordpress_2\/index.php\/wp-json\/wp\/v2\/users\/1"}],"replies":[{"embeddable":true,"href":"https:\/\/www.michlmichl.ch\/wordpress_2\/index.php\/wp-json\/wp\/v2\/comments?post=3238"}],"version-history":[{"count":1,"href":"https:\/\/www.michlmichl.ch\/wordpress_2\/index.php\/wp-json\/wp\/v2\/posts\/3238\/revisions"}],"predecessor-version":[{"id":3240,"href":"https:\/\/www.michlmichl.ch\/wordpress_2\/index.php\/wp-json\/wp\/v2\/posts\/3238\/revisions\/3240"}],"wp:featuredmedia":[{"embeddable":true,"href":"https:\/\/www.michlmichl.ch\/wordpress_2\/index.php\/wp-json\/wp\/v2\/media\/3234"}],"wp:attachment":[{"href":"https:\/\/www.michlmichl.ch\/wordpress_2\/index.php\/wp-json\/wp\/v2\/media?parent=3238"}],"wp:term":[{"taxonomy":"category","embeddable":true,"href":"https:\/\/www.michlmichl.ch\/wordpress_2\/index.php\/wp-json\/wp\/v2\/categories?post=3238"},{"taxonomy":"post_tag","embeddable":true,"href":"https:\/\/www.michlmichl.ch\/wordpress_2\/index.php\/wp-json\/wp\/v2\/tags?post=3238"}],"curies":[{"name":"wp","href":"https:\/\/api.w.org\/{rel}","templated":true}]}}